{"id":42626,"date":"2026-09-05T14:27:00","date_gmt":"2026-09-05T14:27:00","guid":{"rendered":"https:\/\/www.abchukuk.com\/index.php\/2026\/09\/05\/aileler-tahliyeye-itiraz-etti-okul-saldirgani-isa-aras-mersinlinin-annesi-gozaltina-alindi\/"},"modified":"2026-09-05T14:27:00","modified_gmt":"2026-09-05T14:27:00","slug":"aileler-tahliyeye-itiraz-etti-okul-saldirgani-isa-aras-mersinlinin-annesi-gozaltina-alindi","status":"publish","type":"post","link":"https:\/\/www.abchukuk.com\/index.php\/2026\/09\/05\/aileler-tahliyeye-itiraz-etti-okul-saldirgani-isa-aras-mersinlinin-annesi-gozaltina-alindi\/","title":{"rendered":"Aileler tahliyeye itiraz etti, okul sald\u0131rgan\u0131 \u0130sa Aras Mersinli&#8217;nin annesi g\u00f6zalt\u0131na al\u0131nd\u0131"},"content":{"rendered":"<p>Kahramanmara\u015f\u2019ta okul sald\u0131rgan\u0131n\u0131n annesine verilen tahliye karar\u0131na itiraz\u0131n kabul edilmesinin ard\u0131ndan d\u00fcn gece tahliye olan anne P\u0131nar Peyman Mersinli\u2019nin Osmaniye\u2019de g\u00f6zalt\u0131na al\u0131nd\u0131\u011f\u0131 \u00f6\u011frenildi.Kahramanmara\u015f\u2019ta okul sald\u0131rgan\u0131n\u0131n annesine verilen tahliye karar\u0131na itiraz\u0131n kabul edilmesinin ard\u0131ndan d\u00fcn gece tahliye olan anne P\u0131nar Peyman Mersinli\u2019nin Osmaniye\u2019de g\u00f6zalt\u0131na al\u0131nd\u0131\u011f\u0131 \u00f6\u011frenildi.\u00a0<a href=\"https:\/\/www.cumhuriyet.com.tr\/turkiye\/aileler-tahliyeye-itiraz-etti-okul-saldirgani-isa-aras-mersinli-nin-annesi-gozaltina-alindi-2535151\" target=\"_blank\" class=\"feedzy-rss-link-icon\">Read More<\/a><\/p>","protected":false},"excerpt":{"rendered":"<p>Kahramanmara\u015f\u2019ta okul sald\u0131rgan\u0131n\u0131n annesine verilen tahliye karar\u0131na itiraz\u0131n kabul edilmesinin ard\u0131ndan d\u00fcn gece tahliye olan anne P\u0131nar Peyman Mersinli\u2019nin Osmaniye\u2019de g\u00f6zalt\u0131na al\u0131nd\u0131\u011f\u0131 \u00f6\u011frenildi.Kahramanmara\u015f\u2019ta okul sald\u0131rgan\u0131n\u0131n annesine verilen tahliye karar\u0131na itiraz\u0131n kabul edilmesinin ard\u0131ndan d\u00fcn gece tahliye olan anne P\u0131nar Peyman Mersinli\u2019nin Osmaniye\u2019de g\u00f6zalt\u0131na al\u0131nd\u0131\u011f\u0131 \u00f6\u011frenildi.\u00a0Read More<\/p>\n","protected":false},"author":1,"featured_media":42627,"comment_status":"open","ping_status":"open","sticky":false,"template":"","format":"standard","meta":{"footnotes":"","_links_to":"","_links_to_target":""},"categories":[1],"tags":[],"class_list":["post-42626","post","type-post","status-publish","format-standard","has-post-thumbnail","hentry","category-haberler"],"_links":{"self":[{"href":"https:\/\/www.abchukuk.com\/index.php\/wp-json\/wp\/v2\/posts\/42626","targetHints":{"allow":["GET"]}}],"collection":[{"href":"https:\/\/www.abchukuk.com\/index.php\/wp-json\/wp\/v2\/posts"}],"about":[{"href":"https:\/\/www.abchukuk.com\/index.php\/wp-json\/wp\/v2\/types\/post"}],"author":[{"embeddable":true,"href":"https:\/\/www.abchukuk.com\/index.php\/wp-json\/wp\/v2\/users\/1"}],"replies":[{"embeddable":true,"href":"https:\/\/www.abchukuk.com\/index.php\/wp-json\/wp\/v2\/comments?post=42626"}],"version-history":[{"count":0,"href":"https:\/\/www.abchukuk.com\/index.php\/wp-json\/wp\/v2\/posts\/42626\/revisions"}],"wp:featuredmedia":[{"embeddable":true,"href":"https:\/\/www.abchukuk.com\/index.php\/wp-json\/wp\/v2\/media\/42627"}],"wp:attachment":[{"href":"https:\/\/www.abchukuk.com\/index.php\/wp-json\/wp\/v2\/media?parent=42626"}],"wp:term":[{"taxonomy":"category","embeddable":true,"href":"https:\/\/www.abchukuk.com\/index.php\/wp-json\/wp\/v2\/categories?post=42626"},{"taxonomy":"post_tag","embeddable":true,"href":"https:\/\/www.abchukuk.com\/index.php\/wp-json\/wp\/v2\/tags?post=42626"}],"curies":[{"name":"wp","href":"https:\/\/api.w.org\/{rel}","templated":true}]}}