{"id":42623,"date":"2026-09-05T12:40:05","date_gmt":"2026-09-05T12:40:05","guid":{"rendered":"https:\/\/www.abchukuk.com\/index.php\/2026\/09\/05\/hsk-uyesi-serdar-ates-midyat-ve-nusaybin-adliyelerini-ziyaret-etti\/"},"modified":"2026-09-05T12:40:05","modified_gmt":"2026-09-05T12:40:05","slug":"hsk-uyesi-serdar-ates-midyat-ve-nusaybin-adliyelerini-ziyaret-etti","status":"publish","type":"post","link":"https:\/\/www.abchukuk.com\/index.php\/2026\/09\/05\/hsk-uyesi-serdar-ates-midyat-ve-nusaybin-adliyelerini-ziyaret-etti\/","title":{"rendered":"HSK \u00dcyesi Serdar Ate\u015f Midyat ve Nusaybin adliyelerini ziyaret etti"},"content":{"rendered":"<p>\u00a0<\/p>\n<p><strong>SON.TV\/MARD\u0130N<\/strong><\/p>\n<p>Yeni adli y\u0131l dolay\u0131s\u0131yla farkl\u0131 illerde adliye ziyaretlerini s\u00fcrd\u00fcren <strong>H\u00e2kimler ve Savc\u0131lar Kurulu \u0130kinci Daire \u00dcyesi Serdar Ate\u015f\u2019in Mardin\u2019<\/strong>deki duraklar\u0131 <strong>Midyat<\/strong> ve <strong>Nusaybin<\/strong> oldu.<\/p>\n<p><strong>Ate\u015f<\/strong>, iki adliyede de y\u00fcr\u00fct\u00fclen \u00e7al\u0131\u015fmalar\u0131 yerinde inceleyerek yarg\u0131 mensuplar\u0131yla g\u00f6r\u00fc\u015fmeler ger\u00e7ekle\u015ftirdi.<\/p>\n<p><img fetchpriority=\"high\" decoding=\"async\" class=\"alignnone size-medium wp-image-197825\" src=\"https:\/\/www.son.tv\/wp-content\/uploads\/2026\/09\/9681be7f-9248-46b6-916a-d136584e713d-300x200.jpeg\" alt=\"\" width=\"300\" height=\"200\" \/><\/p>\n<p><strong>M\u0130DYAT ADL\u0130YES\u0130N\u0130 Z\u0130YARET ETT\u0130<\/strong><\/p>\n<p><strong>Serdar Ate\u015f<\/strong>\u2019in <strong>Mardin<\/strong> program\u0131ndaki ilk duraklar\u0131ndan biri <strong>Midyat Adliyesi<\/strong> oldu.<\/p>\n<p><strong>Ate\u015f<\/strong>\u2019<strong>i Midyat Cumhuriyet Ba\u015fsavc\u0131s\u0131 Muhammet \u015eenol \u00c7eliker, h\u00e2kim ve Cumhuriyet savc\u0131lar\u0131 ile adliye \u00e7al\u0131\u015fanlar\u0131 kar\u015f\u0131lad\u0131.<\/strong><\/p>\n<p>Adliyedeki birimleri ziyaret eden Ate\u015f, y\u00fcr\u00fct\u00fclen \u00e7al\u0131\u015fmalar hakk\u0131nda bilgi ald\u0131.<\/p>\n<p><img decoding=\"async\" class=\"alignnone size-medium wp-image-197826\" src=\"https:\/\/www.son.tv\/wp-content\/uploads\/2026\/09\/7568bfa3-5138-4154-b1e7-f387ef29c0b0-300x200.jpeg\" alt=\"\" width=\"300\" height=\"200\" \/> <img decoding=\"async\" class=\"alignnone size-medium wp-image-197827\" src=\"https:\/\/www.son.tv\/wp-content\/uploads\/2026\/09\/dd26f1f5-6e1d-47f0-9643-6f7302fee715-300x200.jpeg\" alt=\"\" width=\"300\" height=\"200\" \/> <img loading=\"lazy\" decoding=\"async\" loading=\"lazy\" class=\"alignnone size-medium wp-image-197828\" src=\"https:\/\/www.son.tv\/wp-content\/uploads\/2026\/09\/c9b1272c-7791-4d8d-8544-39cb563988bd-300x200.jpeg\" alt=\"\" width=\"300\" height=\"200\" \/>\u00a0<img loading=\"lazy\" decoding=\"async\" loading=\"lazy\" class=\"alignnone size-medium wp-image-197831\" src=\"https:\/\/www.son.tv\/wp-content\/uploads\/2026\/09\/f3aa8c90-a15b-47d0-8912-fa0cd8d0df10-300x200.jpeg\" alt=\"\" width=\"300\" height=\"200\" \/><\/p>\n<p><strong>BA\u015eSAVCI \u00c7EL\u0130KER \u0130LE B\u0130R ARAYA GELD\u0130<\/strong><\/p>\n<p><strong>HSK \u00dcyesi Ate\u015f, Midyat Cumhuriyet Ba\u015fsavc\u0131s\u0131 Muhammet \u015eenol \u00c7eliker ve beraberindeki heyetle de g\u00f6r\u00fc\u015fme ger\u00e7ekle\u015ftirdi.<\/strong><\/p>\n<p>G\u00f6r\u00fc\u015fmede kentteki yarg\u0131 hizmetlerinin genel durumu, adli s\u00fcre\u00e7lerin i\u015fleyi\u015fi ve adalet hizmetlerinin etkinli\u011finin art\u0131r\u0131lmas\u0131na y\u00f6nelik \u00e7al\u0131\u015fmalar ele al\u0131nd\u0131.<\/p>\n<p><img loading=\"lazy\" decoding=\"async\" loading=\"lazy\" class=\"alignnone size-medium wp-image-197832\" src=\"https:\/\/www.son.tv\/wp-content\/uploads\/2026\/09\/ca74972a-f6f2-4499-9a00-a0e972ffdfa5-300x200.jpeg\" alt=\"\" width=\"300\" height=\"200\" \/> <img loading=\"lazy\" decoding=\"async\" loading=\"lazy\" class=\"alignnone size-medium wp-image-197833\" src=\"https:\/\/www.son.tv\/wp-content\/uploads\/2026\/09\/45642a3a-b25b-44d0-9292-eda172ca04f1-300x200.jpeg\" alt=\"\" width=\"300\" height=\"200\" \/><\/p>\n<p><strong>NUSAYB\u0130N ADL\u0130YES\u0130NE GE\u00c7T\u0130<\/strong><\/p>\n<p><strong>Serdar Ate\u015f, Midyat<\/strong>\u2019taki temaslar\u0131n\u0131n ard\u0131ndan\u00a0<strong>Nusaybin Adliyesi<\/strong>ni de ziyaret etti.<\/p>\n<p><strong>Ate\u015f<\/strong> burada <strong>Nusaybin Cumhuriyet Ba\u015fsavc\u0131s\u0131 Murat Bulut<\/strong>, h\u00e2kim ve Cumhuriyet savc\u0131lar\u0131 ile adliye \u00e7al\u0131\u015fanlar\u0131yla bir araya geldi.<\/p>\n<p><img loading=\"lazy\" decoding=\"async\" loading=\"lazy\" class=\"alignnone size-medium wp-image-197834\" src=\"https:\/\/www.son.tv\/wp-content\/uploads\/2026\/09\/c9b1272c-7791-4d8d-8544-39cb563988bd-1-300x200.jpeg\" alt=\"\" width=\"300\" height=\"200\" \/> <img loading=\"lazy\" decoding=\"async\" loading=\"lazy\" class=\"alignnone size-medium wp-image-197835\" src=\"https:\/\/www.son.tv\/wp-content\/uploads\/2026\/09\/d5006785-74d9-49cf-bbf9-4ccacc2dc46c-300x200.jpeg\" alt=\"\" width=\"300\" height=\"200\" \/> <img loading=\"lazy\" decoding=\"async\" loading=\"lazy\" class=\"alignnone size-medium wp-image-197836\" src=\"https:\/\/www.son.tv\/wp-content\/uploads\/2026\/09\/ca74972a-f6f2-4499-9a00-a0e972ffdfa5-1-300x200.jpeg\" alt=\"\" width=\"300\" height=\"200\" \/> <img loading=\"lazy\" decoding=\"async\" loading=\"lazy\" class=\"alignnone size-medium wp-image-197837\" src=\"https:\/\/www.son.tv\/wp-content\/uploads\/2026\/09\/45642a3a-b25b-44d0-9292-eda172ca04f1-1-300x200.jpeg\" alt=\"\" width=\"300\" height=\"200\" \/><\/p>\n<p><strong>YARGI H\u0130ZMETLER\u0130 ELE ALINDI<\/strong><\/p>\n<p><strong>Nusaybin Adliyesi<\/strong>ndeki ziyarette y\u00fcr\u00fct\u00fclen yarg\u0131 hizmetleri ve adli s\u00fcre\u00e7lere ili\u015fkin de\u011ferlendirmelerde bulunuldu.<\/p>\n<p><strong>Ate\u015f<\/strong> ayr\u0131ca adliye \u00e7al\u0131\u015fanlar\u0131n\u0131n \u00e7al\u0131\u015fma ko\u015fullar\u0131 ile yarg\u0131 te\u015fkilat\u0131n\u0131n kentteki ihtiya\u00e7 ve beklentileri hakk\u0131nda bilgi ald\u0131.<\/p>\n<p><img loading=\"lazy\" decoding=\"async\" loading=\"lazy\" class=\"alignnone size-medium wp-image-197838\" src=\"https:\/\/www.son.tv\/wp-content\/uploads\/2026\/09\/cf059304-0209-4ba4-9e39-3a2c8d9b1508-300x200.jpeg\" alt=\"\" width=\"300\" height=\"200\" \/><\/p>\n<p><strong>ADL\u0130YE Z\u0130YARETLER\u0130N\u0130 S\u00dcRD\u00dcR\u00dcYOR<\/strong><\/p>\n<p><strong>HSK \u0130kinci Daire \u00dcyesi Serdar Ate\u015f,<\/strong> yeni adli y\u0131l\u0131n ba\u015flamas\u0131n\u0131n ard\u0131ndan farkl\u0131 illerde ger\u00e7ekle\u015ftirdi\u011fi ziyaretlerde Cumhuriyet ba\u015fsavc\u0131lar\u0131, h\u00e2kimler, Cumhuriyet savc\u0131lar\u0131 ve adliye \u00e7al\u0131\u015fanlar\u0131yla bir araya gelerek yarg\u0131 hizmetlerine ili\u015fkin temaslar\u0131n\u0131 s\u00fcrd\u00fcr\u00fcyor.<\/p>\n<p><strong>ET\u0130KETLER: #SerdarAte\u015f #HSK #Midyat #Nusaybin #Mardin #MidyatAdliyesi #NusaybinAdliyesi #Muhammet\u015eenol\u00c7eliker #MuratBulut #Yarg\u0131<\/strong><\/p>\n<p>H\u00e2kimler ve Savc\u0131lar Kurulu \u0130kinci Daire \u00dcyesi Serdar Ate\u015f, Mardin program\u0131 kapsam\u0131nda Midyat ve Nusaybin adliyelerini ziyaret etti. Ate\u015f, Cumhuriyet ba\u015fsavc\u0131lar\u0131, h\u00e2kim ve savc\u0131lar ile adliye \u00e7al\u0131\u015fanlar\u0131yla bir araya gelerek yarg\u0131 hizmetlerinin i\u015fleyi\u015fi hakk\u0131nda bilgi ald\u0131.\u00a0<a href=\"https:\/\/www.son.tv\/hsk-uyesi-serdar-ates-midyat-ve-nusaybin-adliyelerini-ziyaret-etti\/\" target=\"_blank\" class=\"feedzy-rss-link-icon\">Read More<\/a><\/p>","protected":false},"excerpt":{"rendered":"<p>\u00a0 SON.TV\/MARD\u0130N Yeni adli y\u0131l dolay\u0131s\u0131yla farkl\u0131 illerde adliye ziyaretlerini s\u00fcrd\u00fcren H\u00e2kimler ve Savc\u0131lar Kurulu \u0130kinci Daire \u00dcyesi Serdar Ate\u015f\u2019in Mardin\u2019deki duraklar\u0131 Midyat ve Nusaybin oldu. Ate\u015f, iki adliyede de y\u00fcr\u00fct\u00fclen \u00e7al\u0131\u015fmalar\u0131 yerinde inceleyerek yarg\u0131 mensuplar\u0131yla g\u00f6r\u00fc\u015fmeler ger\u00e7ekle\u015ftirdi. M\u0130DYAT ADL\u0130YES\u0130N\u0130 Z\u0130YARET ETT\u0130 Serdar Ate\u015f\u2019in Mardin program\u0131ndaki ilk duraklar\u0131ndan biri Midyat Adliyesi oldu. Ate\u015f\u2019i Midyat Cumhuriyet [&hellip;]<\/p>\n","protected":false},"author":1,"featured_media":42624,"comment_status":"open","ping_status":"open","sticky":false,"template":"","format":"standard","meta":{"footnotes":"","_links_to":"","_links_to_target":""},"categories":[1],"tags":[],"class_list":["post-42623","post","type-post","status-publish","format-standard","has-post-thumbnail","hentry","category-haberler"],"_links":{"self":[{"href":"https:\/\/www.abchukuk.com\/index.php\/wp-json\/wp\/v2\/posts\/42623","targetHints":{"allow":["GET"]}}],"collection":[{"href":"https:\/\/www.abchukuk.com\/index.php\/wp-json\/wp\/v2\/posts"}],"about":[{"href":"https:\/\/www.abchukuk.com\/index.php\/wp-json\/wp\/v2\/types\/post"}],"author":[{"embeddable":true,"href":"https:\/\/www.abchukuk.com\/index.php\/wp-json\/wp\/v2\/users\/1"}],"replies":[{"embeddable":true,"href":"https:\/\/www.abchukuk.com\/index.php\/wp-json\/wp\/v2\/comments?post=42623"}],"version-history":[{"count":0,"href":"https:\/\/www.abchukuk.com\/index.php\/wp-json\/wp\/v2\/posts\/42623\/revisions"}],"wp:featuredmedia":[{"embeddable":true,"href":"https:\/\/www.abchukuk.com\/index.php\/wp-json\/wp\/v2\/media\/42624"}],"wp:attachment":[{"href":"https:\/\/www.abchukuk.com\/index.php\/wp-json\/wp\/v2\/media?parent=42623"}],"wp:term":[{"taxonomy":"category","embeddable":true,"href":"https:\/\/www.abchukuk.com\/index.php\/wp-json\/wp\/v2\/categories?post=42623"},{"taxonomy":"post_tag","embeddable":true,"href":"https:\/\/www.abchukuk.com\/index.php\/wp-json\/wp\/v2\/tags?post=42623"}],"curies":[{"name":"wp","href":"https:\/\/api.w.org\/{rel}","templated":true}]}}