{"id":42616,"date":"2026-09-05T10:35:41","date_gmt":"2026-09-05T10:35:41","guid":{"rendered":"https:\/\/www.abchukuk.com\/index.php\/2026\/09\/05\/ankara-adliyesinde-4-bassavci-vekilinin-gorev-alani-degisti\/"},"modified":"2026-09-05T10:35:41","modified_gmt":"2026-09-05T10:35:41","slug":"ankara-adliyesinde-4-bassavci-vekilinin-gorev-alani-degisti","status":"publish","type":"post","link":"https:\/\/www.abchukuk.com\/index.php\/2026\/09\/05\/ankara-adliyesinde-4-bassavci-vekilinin-gorev-alani-degisti\/","title":{"rendered":"Ankara Adliyesi\u2019nde 4 ba\u015fsavc\u0131 vekilinin g\u00f6rev alan\u0131 de\u011fi\u015fti!"},"content":{"rendered":"<p>\u00a0<\/p>\n<p><strong>SON.TV\/ANKARA<\/strong><\/p>\n<p>Ankara Cumhuriyet Ba\u015fsavc\u0131l\u0131\u011f\u0131nda ba\u015fsavc\u0131 vekillerinin g\u00f6rev alanlar\u0131 yeniden d\u00fczenlendi. Yeni i\u015f b\u00f6l\u00fcm\u00fcyle Genel Soru\u015fturma B\u00fcrosu, Askeri Su\u00e7lar Soru\u015fturma B\u00fcrosu ve Ceza \u0130nfaz Kurumlar\u0131ndan sorumlu ba\u015fsavc\u0131 vekillerinin g\u00f6revlerinde de\u011fi\u015fiklik yap\u0131ld\u0131.<\/p>\n<p><strong>4 BA\u015eSAVCI VEK\u0130L\u0130 \u0130\u00c7\u0130N YEN\u0130 G\u00d6REV DA\u011eILIMI<\/strong><\/p>\n<p>Genel Soru\u015fturma B\u00fcrosundan sorumlu Ankara Cumhuriyet Ba\u015fsavc\u0131 Vekili Hamza Yoku\u015f, yeni d\u00fczenlemeyle Askeri Su\u00e7lar Soru\u015fturma B\u00fcrosundan sorumlu olacak.<\/p>\n<p>Ceza \u0130nfaz Kurumlar\u0131ndan sorumlu Ba\u015fsavc\u0131 Vekili Vural Balc\u0131 ise Genel Soru\u015fturma B\u00fcrosunun sorumlulu\u011funu \u00fcstlenecek.<\/p>\n<p><strong>SERKAN BA\u015eARAN CEZA \u0130NFAZ KURUMLARINDAN SORUMLU OLACAK<\/strong><\/p>\n<p>Askeri Su\u00e7lar Soru\u015fturma B\u00fcrosundan sorumlu Ba\u015fsavc\u0131 Vekili Serkan Ba\u015faran\u2019\u0131n da g\u00f6rev alan\u0131 de\u011fi\u015ftirildi. Ba\u015faran, yeni d\u00f6nemde Ceza \u0130nfaz Kurumlar\u0131ndan sorumlu ba\u015fsavc\u0131 vekili olarak g\u00f6rev yapacak.<\/p>\n<p><strong>PINAR AKDO\u011eAN\u2019IN G\u00d6REV ALANI DA DE\u011e\u0130\u015eT\u0130<\/strong><\/p>\n<p>Ba\u015fsavc\u0131 Vekili P\u0131nar Akdo\u011fan\u2019\u0131n Genel Soru\u015fturma B\u00fcrosundaki g\u00f6revi de yeni i\u015f b\u00f6l\u00fcm\u00fc kapsam\u0131nda de\u011fi\u015ftirildi.<\/p>\n<p>B\u00f6ylece Ankara Cumhuriyet Ba\u015fsavc\u0131l\u0131\u011f\u0131nda Hamza Yoku\u015f, Vural Balc\u0131, P\u0131nar Akdo\u011fan ve Serkan Ba\u015faran\u2019\u0131n sorumluluk alanlar\u0131 yeniden d\u00fczenlenmi\u015f oldu.<\/p>\n<p><strong>ANKARA ADL\u0130YES\u0130NDE YEN\u0130 \u0130\u015e B\u00d6L\u00dcM\u00dc<\/strong><\/p>\n<p>Yap\u0131lan d\u00fczenlemeyle \u00f6zellikle soru\u015fturma, askeri su\u00e7lar ve ceza infaz kurumlar\u0131 alanlar\u0131nda g\u00f6rev yapan ba\u015fsavc\u0131 vekillerinin sorumluluklar\u0131 yeniden belirlendi.<\/p>\n<p><strong>ET\u0130KETLER: #AnkaraAdliyesi #AnkaraCumhuriyetBa\u015fsavc\u0131l\u0131\u011f\u0131 #Ba\u015fsavc\u0131Vekili #HamzaYoku\u015f #VuralBalc\u0131 #P\u0131narAkdo\u011fan #SerkanBa\u015faran #Yarg\u0131<\/strong><\/p>\n<p>Ankara Adliyesi\u2019nde ba\u015fsavc\u0131 vekilleri aras\u0131ndaki g\u00f6rev da\u011f\u0131l\u0131m\u0131nda yeni d\u00fczenlemeye gidildi. Yap\u0131lan i\u015f b\u00f6l\u00fcm\u00fc kapsam\u0131nda 4 ba\u015fsavc\u0131 vekilinin sorumlu oldu\u011fu b\u00fcrolar de\u011fi\u015ftirildi.\u00a0<a href=\"https:\/\/www.son.tv\/ankara-adliyesinde-4-bassavci-vekilinin-gorev-alani-degisti\/\" target=\"_blank\" class=\"feedzy-rss-link-icon\">Read More<\/a><\/p>","protected":false},"excerpt":{"rendered":"<p>\u00a0 SON.TV\/ANKARA Ankara Cumhuriyet Ba\u015fsavc\u0131l\u0131\u011f\u0131nda ba\u015fsavc\u0131 vekillerinin g\u00f6rev alanlar\u0131 yeniden d\u00fczenlendi. Yeni i\u015f b\u00f6l\u00fcm\u00fcyle Genel Soru\u015fturma B\u00fcrosu, Askeri Su\u00e7lar Soru\u015fturma B\u00fcrosu ve Ceza \u0130nfaz Kurumlar\u0131ndan sorumlu ba\u015fsavc\u0131 vekillerinin g\u00f6revlerinde de\u011fi\u015fiklik yap\u0131ld\u0131. 4 BA\u015eSAVCI VEK\u0130L\u0130 \u0130\u00c7\u0130N YEN\u0130 G\u00d6REV DA\u011eILIMI Genel Soru\u015fturma B\u00fcrosundan sorumlu Ankara Cumhuriyet Ba\u015fsavc\u0131 Vekili Hamza Yoku\u015f, yeni d\u00fczenlemeyle Askeri Su\u00e7lar Soru\u015fturma B\u00fcrosundan sorumlu [&hellip;]<\/p>\n","protected":false},"author":1,"featured_media":0,"comment_status":"open","ping_status":"open","sticky":false,"template":"","format":"standard","meta":{"footnotes":"","_links_to":"","_links_to_target":""},"categories":[1],"tags":[],"class_list":["post-42616","post","type-post","status-publish","format-standard","hentry","category-haberler"],"_links":{"self":[{"href":"https:\/\/www.abchukuk.com\/index.php\/wp-json\/wp\/v2\/posts\/42616","targetHints":{"allow":["GET"]}}],"collection":[{"href":"https:\/\/www.abchukuk.com\/index.php\/wp-json\/wp\/v2\/posts"}],"about":[{"href":"https:\/\/www.abchukuk.com\/index.php\/wp-json\/wp\/v2\/types\/post"}],"author":[{"embeddable":true,"href":"https:\/\/www.abchukuk.com\/index.php\/wp-json\/wp\/v2\/users\/1"}],"replies":[{"embeddable":true,"href":"https:\/\/www.abchukuk.com\/index.php\/wp-json\/wp\/v2\/comments?post=42616"}],"version-history":[{"count":0,"href":"https:\/\/www.abchukuk.com\/index.php\/wp-json\/wp\/v2\/posts\/42616\/revisions"}],"wp:attachment":[{"href":"https:\/\/www.abchukuk.com\/index.php\/wp-json\/wp\/v2\/media?parent=42616"}],"wp:term":[{"taxonomy":"category","embeddable":true,"href":"https:\/\/www.abchukuk.com\/index.php\/wp-json\/wp\/v2\/categories?post=42616"},{"taxonomy":"post_tag","embeddable":true,"href":"https:\/\/www.abchukuk.com\/index.php\/wp-json\/wp\/v2\/tags?post=42616"}],"curies":[{"name":"wp","href":"https:\/\/api.w.org\/{rel}","templated":true}]}}