{"id":42615,"date":"2026-09-05T11:12:42","date_gmt":"2026-09-05T11:12:42","guid":{"rendered":"https:\/\/www.abchukuk.com\/index.php\/2026\/09\/05\/ankarada-zehir-ve-fuhus-agina-buyuk-darbe-14-gozalti-7-supheli-araniyor\/"},"modified":"2026-09-05T11:12:42","modified_gmt":"2026-09-05T11:12:42","slug":"ankarada-zehir-ve-fuhus-agina-buyuk-darbe-14-gozalti-7-supheli-araniyor","status":"publish","type":"post","link":"https:\/\/www.abchukuk.com\/index.php\/2026\/09\/05\/ankarada-zehir-ve-fuhus-agina-buyuk-darbe-14-gozalti-7-supheli-araniyor\/","title":{"rendered":"Ankara\u2019da zehir ve fuhu\u015f a\u011f\u0131na b\u00fcy\u00fck darbe! 14 g\u00f6zalt\u0131! 7 \u015f\u00fcpheli aran\u0131yor!"},"content":{"rendered":"<p>\u00a0<\/p>\n<p><strong>SON.TV\/ANKARA<\/strong><\/p>\n<p>Ankara\u2019da uyu\u015fturucu ve fuhu\u015f su\u00e7lar\u0131na y\u00f6nelik y\u00fcr\u00fct\u00fclen soru\u015fturmada yeni bir operasyon ger\u00e7ekle\u015ftirildi. Ankara Cumhuriyet Ba\u015fsavc\u0131l\u0131\u011f\u0131 Ka\u00e7ak\u00e7\u0131l\u0131k, Narkotik ve Ekonomik Su\u00e7lar\u0131 Soru\u015fturma B\u00fcrosu taraf\u0131ndan y\u00fcr\u00fct\u00fclen soru\u015fturma kapsam\u0131nda haklar\u0131nda i\u015flem ba\u015flat\u0131lan \u015f\u00fcphelilere y\u00f6nelik sabah saatlerinde e\u015f zamanl\u0131 operasyon d\u00fczenlendi.<\/p>\n<p><strong>21 \u015e\u00dcPHEL\u0130 HAKKINDA KARAR<\/strong><\/p>\n<p>Soru\u015fturma kapsam\u0131nda toplam 21 \u015f\u00fcpheli hakk\u0131nda g\u00f6zalt\u0131, arama ve el koyma kararlar\u0131 verildi. Belirlenen adreslerde ger\u00e7ekle\u015ftirilen operasyonlarda \u015f\u00fcphelilerin yakalanmas\u0131na y\u00f6nelik \u00e7al\u0131\u015fma ba\u015flat\u0131ld\u0131.<\/p>\n<p><strong>14 \u015e\u00dcPHEL\u0130 G\u00d6ZALTINA ALINDI<\/strong><\/p>\n<p>Operasyonun ilk a\u015famas\u0131nda 14 \u015f\u00fcpheli yakalanarak g\u00f6zalt\u0131na al\u0131nd\u0131. \u015e\u00fcphelilerin adreslerinde arama ve el koyma i\u015flemleri ger\u00e7ekle\u015ftirildi.<\/p>\n<p><strong>7 \u015e\u00dcPHEL\u0130 ARANIYOR<\/strong><\/p>\n<p>Hakk\u0131nda i\u015flem yap\u0131lan 21 \u015f\u00fcpheliden hen\u00fcz yakalanamayan 7 ki\u015finin bulunmas\u0131 i\u00e7in \u00e7al\u0131\u015fmalar\u0131n devam etti\u011fi bildirildi.<\/p>\n<p><strong>SORU\u015eTURMA BA\u015eSAVCILIK TARAFINDAN Y\u00dcR\u00dcT\u00dcL\u00dcYOR<\/strong><\/p>\n<p>Uyu\u015fturucu ve fuhu\u015f su\u00e7lar\u0131na ili\u015fkin soru\u015fturman\u0131n Ankara Cumhuriyet Ba\u015fsavc\u0131l\u0131\u011f\u0131 Ka\u00e7ak\u00e7\u0131l\u0131k, Narkotik ve Ekonomik Su\u00e7lar\u0131 Soru\u015fturma B\u00fcrosu taraf\u0131ndan y\u00fcr\u00fct\u00fcld\u00fc\u011f\u00fc \u00f6\u011frenildi. G\u00f6zalt\u0131na al\u0131nan \u015f\u00fcphelilerin emniyetteki i\u015flemleri s\u00fcr\u00fcyor.<\/p>\n<p><strong>ET\u0130KETLER: #Ankara #AnkaraCumhuriyetBa\u015fsavc\u0131l\u0131\u011f\u0131 #Fuhu\u015fOperasyonu #Uyu\u015fturucuOperasyonu #G\u00f6zalt\u0131 #AnkaraEmniyeti<\/strong><\/p>\n<p>Ankara Cumhuriyet Ba\u015fsavc\u0131l\u0131\u011f\u0131 taraf\u0131ndan y\u00fcr\u00fct\u00fclen uyu\u015fturucu ve fuhu\u015f soru\u015fturmas\u0131 kapsam\u0131nda 21 \u015f\u00fcpheliye y\u00f6nelik e\u015f zamanl\u0131 operasyon d\u00fczenlendi. Operasyonda 14 \u015f\u00fcpheli g\u00f6zalt\u0131na al\u0131n\u0131rken, 7 \u015f\u00fcphelinin yakalanmas\u0131na y\u00f6nelik \u00e7al\u0131\u015fmalar\u0131n s\u00fcrd\u00fc\u011f\u00fc \u00f6\u011frenildi.\u00a0<a href=\"https:\/\/www.son.tv\/ankarada-zehir-ve-fuhus-agina-buyuk-darbe-14-gozalti-7-supheli-araniyor\/\" target=\"_blank\" class=\"feedzy-rss-link-icon\">Read More<\/a><\/p>","protected":false},"excerpt":{"rendered":"<p>\u00a0 SON.TV\/ANKARA Ankara\u2019da uyu\u015fturucu ve fuhu\u015f su\u00e7lar\u0131na y\u00f6nelik y\u00fcr\u00fct\u00fclen soru\u015fturmada yeni bir operasyon ger\u00e7ekle\u015ftirildi. Ankara Cumhuriyet Ba\u015fsavc\u0131l\u0131\u011f\u0131 Ka\u00e7ak\u00e7\u0131l\u0131k, Narkotik ve Ekonomik Su\u00e7lar\u0131 Soru\u015fturma B\u00fcrosu taraf\u0131ndan y\u00fcr\u00fct\u00fclen soru\u015fturma kapsam\u0131nda haklar\u0131nda i\u015flem ba\u015flat\u0131lan \u015f\u00fcphelilere y\u00f6nelik sabah saatlerinde e\u015f zamanl\u0131 operasyon d\u00fczenlendi. 21 \u015e\u00dcPHEL\u0130 HAKKINDA KARAR Soru\u015fturma kapsam\u0131nda toplam 21 \u015f\u00fcpheli hakk\u0131nda g\u00f6zalt\u0131, arama ve el koyma kararlar\u0131 [&hellip;]<\/p>\n","protected":false},"author":1,"featured_media":0,"comment_status":"open","ping_status":"open","sticky":false,"template":"","format":"standard","meta":{"footnotes":"","_links_to":"","_links_to_target":""},"categories":[1],"tags":[],"class_list":["post-42615","post","type-post","status-publish","format-standard","hentry","category-haberler"],"_links":{"self":[{"href":"https:\/\/www.abchukuk.com\/index.php\/wp-json\/wp\/v2\/posts\/42615","targetHints":{"allow":["GET"]}}],"collection":[{"href":"https:\/\/www.abchukuk.com\/index.php\/wp-json\/wp\/v2\/posts"}],"about":[{"href":"https:\/\/www.abchukuk.com\/index.php\/wp-json\/wp\/v2\/types\/post"}],"author":[{"embeddable":true,"href":"https:\/\/www.abchukuk.com\/index.php\/wp-json\/wp\/v2\/users\/1"}],"replies":[{"embeddable":true,"href":"https:\/\/www.abchukuk.com\/index.php\/wp-json\/wp\/v2\/comments?post=42615"}],"version-history":[{"count":0,"href":"https:\/\/www.abchukuk.com\/index.php\/wp-json\/wp\/v2\/posts\/42615\/revisions"}],"wp:attachment":[{"href":"https:\/\/www.abchukuk.com\/index.php\/wp-json\/wp\/v2\/media?parent=42615"}],"wp:term":[{"taxonomy":"category","embeddable":true,"href":"https:\/\/www.abchukuk.com\/index.php\/wp-json\/wp\/v2\/categories?post=42615"},{"taxonomy":"post_tag","embeddable":true,"href":"https:\/\/www.abchukuk.com\/index.php\/wp-json\/wp\/v2\/tags?post=42615"}],"curies":[{"name":"wp","href":"https:\/\/api.w.org\/{rel}","templated":true}]}}