{"id":42608,"date":"2026-09-05T08:34:04","date_gmt":"2026-09-05T08:34:04","guid":{"rendered":"https:\/\/www.abchukuk.com\/index.php\/2026\/09\/05\/sinif-belirleme-kura-sonuclari-sorgulama-3\/"},"modified":"2026-09-05T08:34:04","modified_gmt":"2026-09-05T08:34:04","slug":"sinif-belirleme-kura-sonuclari-sorgulama-3","status":"publish","type":"post","link":"https:\/\/www.abchukuk.com\/index.php\/2026\/09\/05\/sinif-belirleme-kura-sonuclari-sorgulama-3\/","title":{"rendered":"S\u0131n\u0131f belirleme kura sonu\u00e7lar\u0131 sorgulama"},"content":{"rendered":"<p>S\u0131n\u0131f belirleme kura s\u00fcreci ile ilgili ara\u015ft\u0131rmalar h\u0131z kazand\u0131. Milli E\u011fitim Bakanl\u0131\u011f\u0131\u2019n\u0131n (MEB) 2026-2027 e\u011fitim \u00f6\u011fretim y\u0131l\u0131 \u00e7al\u0131\u015fma takvimine g\u00f6re uyum e\u011fitimleri, 7-11 Eyl\u00fcl 2026 tarihleri aras\u0131nda ger\u00e7ekle\u015ftirilecek. Uyum haftas\u0131 \u00f6ncesinde ilkokul 1. s\u0131n\u0131f \u015fubeleri ve \u00f6\u011fretmenleri ile ortaokul 5. s\u0131n\u0131f \u015fubeleri kura \u00e7ekimi ile belirlenecek. \u00c7ocuklar\u0131n\u0131n hangi \u015fubede yer alaca\u011f\u0131n\u0131 ve hangi \u00f6\u011fretmenden e\u011fitim alaca\u011f\u0131n\u0131 \u00f6\u011frenmek isteyen veliler e-Okul VBS sistemine odaklanm\u0131\u015f durumda. Peki, 1. s\u0131n\u0131f ve 5. s\u0131n\u0131f \u015fube belirleme kura \u00e7ekimi ne zaman yap\u0131lacak? S\u0131n\u0131f belirleme kura sonu\u00e7lar\u0131 saat ka\u00e7ta a\u00e7\u0131klanacak, nas\u0131l ve nereden \u00f6\u011frenilir? \u0130\u015fte MEB 2026-2027 s\u0131n\u0131f belirleme kura sonu\u00e7lar\u0131 sorgulama ekran\u0131&#8230;S\u0131n\u0131f belirleme kura s\u00fcreci ile ilgili ara\u015ft\u0131rmalar h\u0131z kazand\u0131. Milli E\u011fitim Bakanl\u0131\u011f\u0131\u2019n\u0131n (MEB) 2026-2027 e\u011fitim \u00f6\u011fretim y\u0131l\u0131 \u00e7al\u0131\u015fma takvimine g\u00f6re uyum e\u011fitimleri, 7-11 Eyl\u00fcl 2026 tarihleri aras\u0131nda ger\u00e7ekle\u015ftirilecek. Uyum haftas\u0131 \u00f6ncesinde ilkokul 1. s\u0131n\u0131f \u015fubeleri ve \u00f6\u011fretmenleri ile ortaokul 5. s\u0131n\u0131f \u015fubeleri kura \u00e7ekimi ile belirlenecek. \u00c7ocuklar\u0131n\u0131n hangi \u015fubede yer alaca\u011f\u0131n\u0131 ve hangi \u00f6\u011fretmenden e\u011fitim alaca\u011f\u0131n\u0131 \u00f6\u011frenmek isteyen veliler e-Okul VBS sistemine odaklanm\u0131\u015f durumda. Peki, 1. s\u0131n\u0131f ve 5. s\u0131n\u0131f \u015fube belirleme kura \u00e7ekimi ne zaman yap\u0131lacak? S\u0131n\u0131f belirleme kura sonu\u00e7lar\u0131 saat ka\u00e7ta a\u00e7\u0131klanacak, nas\u0131l ve nereden \u00f6\u011frenilir? \u0130\u015fte MEB 2026-2027 s\u0131n\u0131f belirleme kura sonu\u00e7lar\u0131 sorgulama ekran\u0131&#8230;\u00a0<a href=\"https:\/\/www.haberturk.com\/bilgi\/foto\/sinif-belirleme-kura-sonuclari-sorgulama-2026-2027-meb-1-sinif-ve-5-sinif-sube-belirleme-kura-cekimi-ne-zaman-yapilacak-kura-sonuclari-nereden-ogrenilir-3909688\" target=\"_blank\" class=\"feedzy-rss-link-icon\">Read More<\/a><\/p>","protected":false},"excerpt":{"rendered":"<p>S\u0131n\u0131f belirleme kura s\u00fcreci ile ilgili ara\u015ft\u0131rmalar h\u0131z kazand\u0131. Milli E\u011fitim Bakanl\u0131\u011f\u0131\u2019n\u0131n (MEB) 2026-2027 e\u011fitim \u00f6\u011fretim y\u0131l\u0131 \u00e7al\u0131\u015fma takvimine g\u00f6re uyum e\u011fitimleri, 7-11 Eyl\u00fcl 2026 tarihleri aras\u0131nda ger\u00e7ekle\u015ftirilecek. Uyum haftas\u0131 \u00f6ncesinde ilkokul 1. s\u0131n\u0131f \u015fubeleri ve \u00f6\u011fretmenleri ile ortaokul 5. s\u0131n\u0131f \u015fubeleri kura \u00e7ekimi ile belirlenecek. \u00c7ocuklar\u0131n\u0131n hangi \u015fubede yer alaca\u011f\u0131n\u0131 ve hangi \u00f6\u011fretmenden e\u011fitim [&hellip;]<\/p>\n","protected":false},"author":1,"featured_media":0,"comment_status":"open","ping_status":"open","sticky":false,"template":"","format":"standard","meta":{"footnotes":"","_links_to":"","_links_to_target":""},"categories":[1],"tags":[],"class_list":["post-42608","post","type-post","status-publish","format-standard","hentry","category-haberler"],"_links":{"self":[{"href":"https:\/\/www.abchukuk.com\/index.php\/wp-json\/wp\/v2\/posts\/42608","targetHints":{"allow":["GET"]}}],"collection":[{"href":"https:\/\/www.abchukuk.com\/index.php\/wp-json\/wp\/v2\/posts"}],"about":[{"href":"https:\/\/www.abchukuk.com\/index.php\/wp-json\/wp\/v2\/types\/post"}],"author":[{"embeddable":true,"href":"https:\/\/www.abchukuk.com\/index.php\/wp-json\/wp\/v2\/users\/1"}],"replies":[{"embeddable":true,"href":"https:\/\/www.abchukuk.com\/index.php\/wp-json\/wp\/v2\/comments?post=42608"}],"version-history":[{"count":0,"href":"https:\/\/www.abchukuk.com\/index.php\/wp-json\/wp\/v2\/posts\/42608\/revisions"}],"wp:attachment":[{"href":"https:\/\/www.abchukuk.com\/index.php\/wp-json\/wp\/v2\/media?parent=42608"}],"wp:term":[{"taxonomy":"category","embeddable":true,"href":"https:\/\/www.abchukuk.com\/index.php\/wp-json\/wp\/v2\/categories?post=42608"},{"taxonomy":"post_tag","embeddable":true,"href":"https:\/\/www.abchukuk.com\/index.php\/wp-json\/wp\/v2\/tags?post=42608"}],"curies":[{"name":"wp","href":"https:\/\/api.w.org\/{rel}","templated":true}]}}