{"id":42606,"date":"2026-09-05T06:24:27","date_gmt":"2026-09-05T06:24:27","guid":{"rendered":"https:\/\/www.abchukuk.com\/index.php\/2026\/09\/05\/kahramanmarastaki-okul-saldirisi-davasinda-anne-tahliye-edildi-bassavcilik-itiraz-etti\/"},"modified":"2026-09-05T06:24:27","modified_gmt":"2026-09-05T06:24:27","slug":"kahramanmarastaki-okul-saldirisi-davasinda-anne-tahliye-edildi-bassavcilik-itiraz-etti","status":"publish","type":"post","link":"https:\/\/www.abchukuk.com\/index.php\/2026\/09\/05\/kahramanmarastaki-okul-saldirisi-davasinda-anne-tahliye-edildi-bassavcilik-itiraz-etti\/","title":{"rendered":"Kahramanmara\u015f&#8217;taki okul sald\u0131r\u0131s\u0131 davas\u0131nda anne tahliye edildi: Ba\u015fsavc\u0131l\u0131k itiraz etti"},"content":{"rendered":"<p>Kahramanmara\u015f&#8217;taki okul sald\u0131r\u0131s\u0131yla ilgili davada ilk duru\u015fmada \u00f6len sald\u0131rgan\u0131n annesi ve babas\u0131 ilk kez hakim kar\u015f\u0131s\u0131na \u00e7\u0131kt\u0131. Duru\u015fmada baba U\u011fur Mersinli o\u011flunu su\u00e7larken, anne Peyman P\u0131nar Mersinli hakk\u0131nda tahliye karar\u0131 verildi. Aileler ise bu karara isyan etti.Kahramanmara\u015f&#8217;taki okul sald\u0131r\u0131s\u0131yla ilgili davada ilk duru\u015fmada \u00f6len sald\u0131rgan\u0131n annesi ve babas\u0131 ilk kez hakim kar\u015f\u0131s\u0131na \u00e7\u0131kt\u0131. Duru\u015fmada baba U\u011fur Mersinli o\u011flunu su\u00e7larken, anne Peyman P\u0131nar Mersinli hakk\u0131nda tahliye karar\u0131 verildi. Aileler ise bu karara isyan etti.\u00a0<a href=\"https:\/\/anlatilaninotesi.com.tr\/20260905\/kahramanmarastaki-okul-saldirisi-davasinda-aileler-isyan-etti-saldirganin-annesi-hakkinda-karar-1108519076.html\" target=\"_blank\" class=\"feedzy-rss-link-icon\">Read More<\/a><\/p>","protected":false},"excerpt":{"rendered":"<p>Kahramanmara\u015f&#8217;taki okul sald\u0131r\u0131s\u0131yla ilgili davada ilk duru\u015fmada \u00f6len sald\u0131rgan\u0131n annesi ve babas\u0131 ilk kez hakim kar\u015f\u0131s\u0131na \u00e7\u0131kt\u0131. Duru\u015fmada baba U\u011fur Mersinli o\u011flunu su\u00e7larken, anne Peyman P\u0131nar Mersinli hakk\u0131nda tahliye karar\u0131 verildi. Aileler ise bu karara isyan etti.Kahramanmara\u015f&#8217;taki okul sald\u0131r\u0131s\u0131yla ilgili davada ilk duru\u015fmada \u00f6len sald\u0131rgan\u0131n annesi ve babas\u0131 ilk kez hakim kar\u015f\u0131s\u0131na \u00e7\u0131kt\u0131. Duru\u015fmada baba [&hellip;]<\/p>\n","protected":false},"author":1,"featured_media":0,"comment_status":"open","ping_status":"open","sticky":false,"template":"","format":"standard","meta":{"footnotes":"","_links_to":"","_links_to_target":""},"categories":[1],"tags":[],"class_list":["post-42606","post","type-post","status-publish","format-standard","hentry","category-haberler"],"_links":{"self":[{"href":"https:\/\/www.abchukuk.com\/index.php\/wp-json\/wp\/v2\/posts\/42606","targetHints":{"allow":["GET"]}}],"collection":[{"href":"https:\/\/www.abchukuk.com\/index.php\/wp-json\/wp\/v2\/posts"}],"about":[{"href":"https:\/\/www.abchukuk.com\/index.php\/wp-json\/wp\/v2\/types\/post"}],"author":[{"embeddable":true,"href":"https:\/\/www.abchukuk.com\/index.php\/wp-json\/wp\/v2\/users\/1"}],"replies":[{"embeddable":true,"href":"https:\/\/www.abchukuk.com\/index.php\/wp-json\/wp\/v2\/comments?post=42606"}],"version-history":[{"count":0,"href":"https:\/\/www.abchukuk.com\/index.php\/wp-json\/wp\/v2\/posts\/42606\/revisions"}],"wp:attachment":[{"href":"https:\/\/www.abchukuk.com\/index.php\/wp-json\/wp\/v2\/media?parent=42606"}],"wp:term":[{"taxonomy":"category","embeddable":true,"href":"https:\/\/www.abchukuk.com\/index.php\/wp-json\/wp\/v2\/categories?post=42606"},{"taxonomy":"post_tag","embeddable":true,"href":"https:\/\/www.abchukuk.com\/index.php\/wp-json\/wp\/v2\/tags?post=42606"}],"curies":[{"name":"wp","href":"https:\/\/api.w.org\/{rel}","templated":true}]}}