{"id":42604,"date":"2026-09-05T07:43:00","date_gmt":"2026-09-05T07:43:00","guid":{"rendered":"https:\/\/www.abchukuk.com\/index.php\/2026\/09\/05\/buyukelci-atamalari-resmi-gazetede-10-ulkeye-yeni-isimler-atandi\/"},"modified":"2026-09-05T07:43:00","modified_gmt":"2026-09-05T07:43:00","slug":"buyukelci-atamalari-resmi-gazetede-10-ulkeye-yeni-isimler-atandi","status":"publish","type":"post","link":"https:\/\/www.abchukuk.com\/index.php\/2026\/09\/05\/buyukelci-atamalari-resmi-gazetede-10-ulkeye-yeni-isimler-atandi\/","title":{"rendered":"B\u00fcy\u00fckel\u00e7i atamalar\u0131 Resmi Gazete\u2019de: 10 \u00fclkeye yeni isimler atand\u0131"},"content":{"rendered":"<p>Cumhurba\u015fkan\u0131 Recep Tayyip Erdo\u011fan\u2019\u0131n imzas\u0131yla yap\u0131lan b\u00fcy\u00fckel\u00e7i atamalar\u0131na ili\u015fkin kararlar Resmi Gazete\u2019de yay\u0131mland\u0131. Burundi ve Kuzey Makedonya b\u00fcy\u00fckel\u00e7ileri merkeze al\u0131n\u0131rken, aralar\u0131nda Filipinler, Finlandiya, Bahreyn, Umman ve G\u00fcney Kore\u2019nin de bulundu\u011fu 10 \u00fclkeye yeni b\u00fcy\u00fckel\u00e7i atamas\u0131 yap\u0131ld\u0131.Cumhurba\u015fkan\u0131 Recep Tayyip Erdo\u011fan\u2019\u0131n imzas\u0131yla yap\u0131lan b\u00fcy\u00fckel\u00e7i atamalar\u0131na ili\u015fkin kararlar Resmi Gazete\u2019de yay\u0131mland\u0131. Burundi ve Kuzey Makedonya b\u00fcy\u00fckel\u00e7ileri merkeze al\u0131n\u0131rken, aralar\u0131nda Filipinler, Finlandiya, Bahreyn, Umman ve G\u00fcney Kore\u2019nin de bulundu\u011fu 10 \u00fclkeye yeni b\u00fcy\u00fckel\u00e7i atamas\u0131 yap\u0131ld\u0131.\u00a0<a href=\"https:\/\/www.dunya.com\/gundem\/buyukelci-atamalari-resmi-gazetede-10-ulkeye-yeni-isimler-atandi-haberi-838841\" target=\"_blank\" class=\"feedzy-rss-link-icon\">Read More<\/a><\/p>","protected":false},"excerpt":{"rendered":"<p>Cumhurba\u015fkan\u0131 Recep Tayyip Erdo\u011fan\u2019\u0131n imzas\u0131yla yap\u0131lan b\u00fcy\u00fckel\u00e7i atamalar\u0131na ili\u015fkin kararlar Resmi Gazete\u2019de yay\u0131mland\u0131. Burundi ve Kuzey Makedonya b\u00fcy\u00fckel\u00e7ileri merkeze al\u0131n\u0131rken, aralar\u0131nda Filipinler, Finlandiya, Bahreyn, Umman ve G\u00fcney Kore\u2019nin de bulundu\u011fu 10 \u00fclkeye yeni b\u00fcy\u00fckel\u00e7i atamas\u0131 yap\u0131ld\u0131.Cumhurba\u015fkan\u0131 Recep Tayyip Erdo\u011fan\u2019\u0131n imzas\u0131yla yap\u0131lan b\u00fcy\u00fckel\u00e7i atamalar\u0131na ili\u015fkin kararlar Resmi Gazete\u2019de yay\u0131mland\u0131. Burundi ve Kuzey Makedonya b\u00fcy\u00fckel\u00e7ileri merkeze al\u0131n\u0131rken, [&hellip;]<\/p>\n","protected":false},"author":1,"featured_media":42605,"comment_status":"open","ping_status":"open","sticky":false,"template":"","format":"standard","meta":{"footnotes":"","_links_to":"","_links_to_target":""},"categories":[1],"tags":[],"class_list":["post-42604","post","type-post","status-publish","format-standard","has-post-thumbnail","hentry","category-haberler"],"_links":{"self":[{"href":"https:\/\/www.abchukuk.com\/index.php\/wp-json\/wp\/v2\/posts\/42604","targetHints":{"allow":["GET"]}}],"collection":[{"href":"https:\/\/www.abchukuk.com\/index.php\/wp-json\/wp\/v2\/posts"}],"about":[{"href":"https:\/\/www.abchukuk.com\/index.php\/wp-json\/wp\/v2\/types\/post"}],"author":[{"embeddable":true,"href":"https:\/\/www.abchukuk.com\/index.php\/wp-json\/wp\/v2\/users\/1"}],"replies":[{"embeddable":true,"href":"https:\/\/www.abchukuk.com\/index.php\/wp-json\/wp\/v2\/comments?post=42604"}],"version-history":[{"count":0,"href":"https:\/\/www.abchukuk.com\/index.php\/wp-json\/wp\/v2\/posts\/42604\/revisions"}],"wp:featuredmedia":[{"embeddable":true,"href":"https:\/\/www.abchukuk.com\/index.php\/wp-json\/wp\/v2\/media\/42605"}],"wp:attachment":[{"href":"https:\/\/www.abchukuk.com\/index.php\/wp-json\/wp\/v2\/media?parent=42604"}],"wp:term":[{"taxonomy":"category","embeddable":true,"href":"https:\/\/www.abchukuk.com\/index.php\/wp-json\/wp\/v2\/categories?post=42604"},{"taxonomy":"post_tag","embeddable":true,"href":"https:\/\/www.abchukuk.com\/index.php\/wp-json\/wp\/v2\/tags?post=42604"}],"curies":[{"name":"wp","href":"https:\/\/api.w.org\/{rel}","templated":true}]}}