{"id":42602,"date":"2026-09-05T06:36:00","date_gmt":"2026-09-05T06:36:00","guid":{"rendered":"https:\/\/www.abchukuk.com\/index.php\/2026\/09\/05\/kahramanmaras-okul-saldirisi-davasi-saldirganin-annesi-tahliye-edildi-aileler-tepki-gosterdi\/"},"modified":"2026-09-05T06:36:00","modified_gmt":"2026-09-05T06:36:00","slug":"kahramanmaras-okul-saldirisi-davasi-saldirganin-annesi-tahliye-edildi-aileler-tepki-gosterdi","status":"publish","type":"post","link":"https:\/\/www.abchukuk.com\/index.php\/2026\/09\/05\/kahramanmaras-okul-saldirisi-davasi-saldirganin-annesi-tahliye-edildi-aileler-tepki-gosterdi\/","title":{"rendered":"Kahramanmara\u015f okul sald\u0131r\u0131s\u0131 davas\u0131&#8230; Sald\u0131rgan\u0131n annesi tahliye edildi, aileler tepki g\u00f6sterdi"},"content":{"rendered":"<p>Kahramanmara\u015f&#8217;ta Ayser \u00c7al\u0131k Ortaokulu&#8217;nda silahl\u0131 sald\u0131r\u0131y\u0131 d\u00fczenleyen \u0130sa Aras Mersinli&#8217;nin annesi P.P.M. hakk\u0131nda tahliye karar\u0131 verildi. Okul sald\u0131r\u0131s\u0131nda hayat\u0131n\u0131 kaybeden \u00f6\u011frenciler ve \u00f6\u011fretmen Ayla Kara&#8217;n\u0131n aileleri ise, karara tepki g\u00f6sterdi.Kahramanmara\u015f&#8217;ta Ayser \u00c7al\u0131k Ortaokulu&#8217;nda silahl\u0131 sald\u0131r\u0131y\u0131 d\u00fczenleyen \u0130sa Aras Mersinli&#8217;nin annesi P.P.M. hakk\u0131nda tahliye karar\u0131 verildi. Okul sald\u0131r\u0131s\u0131nda hayat\u0131n\u0131 kaybeden \u00f6\u011frenciler ve \u00f6\u011fretmen Ayla Kara&#8217;n\u0131n aileleri ise, karara tepki g\u00f6sterdi.\u00a0<a href=\"https:\/\/www.cumhuriyet.com.tr\/turkiye\/kahramanmaras-okul-saldirisi-davasi-saldirganin-annesi-tahliye-edildi-aileler-tepki-gosterdi-2535035\" target=\"_blank\" class=\"feedzy-rss-link-icon\">Read More<\/a><\/p>","protected":false},"excerpt":{"rendered":"<p>Kahramanmara\u015f&#8217;ta Ayser \u00c7al\u0131k Ortaokulu&#8217;nda silahl\u0131 sald\u0131r\u0131y\u0131 d\u00fczenleyen \u0130sa Aras Mersinli&#8217;nin annesi P.P.M. hakk\u0131nda tahliye karar\u0131 verildi. Okul sald\u0131r\u0131s\u0131nda hayat\u0131n\u0131 kaybeden \u00f6\u011frenciler ve \u00f6\u011fretmen Ayla Kara&#8217;n\u0131n aileleri ise, karara tepki g\u00f6sterdi.Kahramanmara\u015f&#8217;ta Ayser \u00c7al\u0131k Ortaokulu&#8217;nda silahl\u0131 sald\u0131r\u0131y\u0131 d\u00fczenleyen \u0130sa Aras Mersinli&#8217;nin annesi P.P.M. hakk\u0131nda tahliye karar\u0131 verildi. Okul sald\u0131r\u0131s\u0131nda hayat\u0131n\u0131 kaybeden \u00f6\u011frenciler ve \u00f6\u011fretmen Ayla Kara&#8217;n\u0131n aileleri [&hellip;]<\/p>\n","protected":false},"author":1,"featured_media":42603,"comment_status":"open","ping_status":"open","sticky":false,"template":"","format":"standard","meta":{"footnotes":"","_links_to":"","_links_to_target":""},"categories":[1],"tags":[],"class_list":["post-42602","post","type-post","status-publish","format-standard","has-post-thumbnail","hentry","category-haberler"],"_links":{"self":[{"href":"https:\/\/www.abchukuk.com\/index.php\/wp-json\/wp\/v2\/posts\/42602","targetHints":{"allow":["GET"]}}],"collection":[{"href":"https:\/\/www.abchukuk.com\/index.php\/wp-json\/wp\/v2\/posts"}],"about":[{"href":"https:\/\/www.abchukuk.com\/index.php\/wp-json\/wp\/v2\/types\/post"}],"author":[{"embeddable":true,"href":"https:\/\/www.abchukuk.com\/index.php\/wp-json\/wp\/v2\/users\/1"}],"replies":[{"embeddable":true,"href":"https:\/\/www.abchukuk.com\/index.php\/wp-json\/wp\/v2\/comments?post=42602"}],"version-history":[{"count":0,"href":"https:\/\/www.abchukuk.com\/index.php\/wp-json\/wp\/v2\/posts\/42602\/revisions"}],"wp:featuredmedia":[{"embeddable":true,"href":"https:\/\/www.abchukuk.com\/index.php\/wp-json\/wp\/v2\/media\/42603"}],"wp:attachment":[{"href":"https:\/\/www.abchukuk.com\/index.php\/wp-json\/wp\/v2\/media?parent=42602"}],"wp:term":[{"taxonomy":"category","embeddable":true,"href":"https:\/\/www.abchukuk.com\/index.php\/wp-json\/wp\/v2\/categories?post=42602"},{"taxonomy":"post_tag","embeddable":true,"href":"https:\/\/www.abchukuk.com\/index.php\/wp-json\/wp\/v2\/tags?post=42602"}],"curies":[{"name":"wp","href":"https:\/\/api.w.org\/{rel}","templated":true}]}}