{"id":42600,"date":"2026-09-05T06:36:07","date_gmt":"2026-09-05T06:36:07","guid":{"rendered":"https:\/\/www.abchukuk.com\/index.php\/2026\/09\/05\/turkiyeyi-aglatan-okul-katliaminda-sok-gelisme-anne-tahliye-edildi-avukatlar-reddi-hakim-istedi\/"},"modified":"2026-09-05T06:36:07","modified_gmt":"2026-09-05T06:36:07","slug":"turkiyeyi-aglatan-okul-katliaminda-sok-gelisme-anne-tahliye-edildi-avukatlar-reddi-hakim-istedi","status":"publish","type":"post","link":"https:\/\/www.abchukuk.com\/index.php\/2026\/09\/05\/turkiyeyi-aglatan-okul-katliaminda-sok-gelisme-anne-tahliye-edildi-avukatlar-reddi-hakim-istedi\/","title":{"rendered":"T\u00fcrkiye&#8217;yi A\u011flatan Okul Katliam\u0131nda \u015eok Geli\u015fme: Anne Tahliye Edildi, Avukatlar Reddi Hakim \u0130stedi"},"content":{"rendered":"<p><a href=\"https:\/\/www.gercekgundem.com\/guncel\/turkiyeyi-aglatan-okul-katliaminda-sok-gelisme-anne-tahliye-edildi-avukatlar-reddi-hakim-istedi-578050\"><br \/>\n                                                            <img decoding=\"async\" src=\"https:\/\/i.gercekgundem.com\/2\/150\/84\/storage\/files\/images\/2026\/09\/05\/turkiyeyi-aglatan-okul-katliaminda-sok-gelisme-anne-tahliye-edildi-avukatlar-reddi-hakim-istedi-nmmy.jpg\" width=\"150\" height=\"84\" border=\"0\" align=\"right\" \/><br \/>\n                                                    <\/a><\/p>\n<h4>Kahramanmara\u015f\u2019ta 1 \u00f6\u011fretmen ile 9 \u00f6\u011frencinin hayat\u0131n\u0131 kaybetti\u011fi okul katliam\u0131yla ilgili dava kabus gibi detaylar\u0131 ortaya \u00e7\u0131kard\u0131. Gece yar\u0131s\u0131n\u0131 ge\u00e7en ilk duru\u015fmada mahkeme, sald\u0131rgan \u00e7ocu\u011fun babas\u0131n\u0131n tutukluluk halinin devam\u0131na, annenin ise tahliyesine karar verdi. Evlatlar\u0131n\u0131 topra\u011fa veren aileler adliye \u00f6n\u00fcnde karara isyan ederken, m\u00fc\u015fteki avukatlar\u0131 mahkeme heyeti hakk\u0131nda reddi hakim talebinde bulunacaklar\u0131n\u0131 a\u00e7\u0131klad\u0131.<\/h4>\n<p>Kahramanmara\u015f\u2019ta 1 \u00f6\u011fretmen ile 9 \u00f6\u011frencinin hayat\u0131n\u0131 kaybetti\u011fi okul katliam\u0131yla ilgili dava kabus gibi detaylar\u0131 ortaya \u00e7\u0131kard\u0131. Gece yar\u0131s\u0131n\u0131 ge\u00e7en ilk duru\u015fmada mahkeme, sald\u0131rgan \u00e7ocu\u011fun babas\u0131n\u0131n tutukluluk halinin devam\u0131na, annenin ise tahliyesine karar verdi. Evlatlar\u0131n\u0131 topra\u011fa veren aileler adliye \u00f6n\u00fcnde karara isyan ederken, m\u00fc\u015fteki avukatlar\u0131 mahkeme heyeti hakk\u0131nda reddi hakim talebinde bulunacaklar\u0131n\u0131 a\u00e7\u0131klad\u0131.\u00a0<a href=\"https:\/\/www.gercekgundem.com\/guncel\/turkiyeyi-aglatan-okul-katliaminda-sok-gelisme-anne-tahliye-edildi-avukatlar-reddi-hakim-istedi-578050\" target=\"_blank\" class=\"feedzy-rss-link-icon\">Read More<\/a><\/p>","protected":false},"excerpt":{"rendered":"<p>Kahramanmara\u015f\u2019ta 1 \u00f6\u011fretmen ile 9 \u00f6\u011frencinin hayat\u0131n\u0131 kaybetti\u011fi okul katliam\u0131yla ilgili dava kabus gibi detaylar\u0131 ortaya \u00e7\u0131kard\u0131. Gece yar\u0131s\u0131n\u0131 ge\u00e7en ilk duru\u015fmada mahkeme, sald\u0131rgan \u00e7ocu\u011fun babas\u0131n\u0131n tutukluluk halinin devam\u0131na, annenin ise tahliyesine karar verdi. Evlatlar\u0131n\u0131 topra\u011fa veren aileler adliye \u00f6n\u00fcnde karara isyan ederken, m\u00fc\u015fteki avukatlar\u0131 mahkeme heyeti hakk\u0131nda reddi hakim talebinde bulunacaklar\u0131n\u0131 a\u00e7\u0131klad\u0131. Kahramanmara\u015f\u2019ta 1 [&hellip;]<\/p>\n","protected":false},"author":1,"featured_media":42601,"comment_status":"open","ping_status":"open","sticky":false,"template":"","format":"standard","meta":{"footnotes":"","_links_to":"","_links_to_target":""},"categories":[1],"tags":[],"class_list":["post-42600","post","type-post","status-publish","format-standard","has-post-thumbnail","hentry","category-haberler"],"_links":{"self":[{"href":"https:\/\/www.abchukuk.com\/index.php\/wp-json\/wp\/v2\/posts\/42600","targetHints":{"allow":["GET"]}}],"collection":[{"href":"https:\/\/www.abchukuk.com\/index.php\/wp-json\/wp\/v2\/posts"}],"about":[{"href":"https:\/\/www.abchukuk.com\/index.php\/wp-json\/wp\/v2\/types\/post"}],"author":[{"embeddable":true,"href":"https:\/\/www.abchukuk.com\/index.php\/wp-json\/wp\/v2\/users\/1"}],"replies":[{"embeddable":true,"href":"https:\/\/www.abchukuk.com\/index.php\/wp-json\/wp\/v2\/comments?post=42600"}],"version-history":[{"count":0,"href":"https:\/\/www.abchukuk.com\/index.php\/wp-json\/wp\/v2\/posts\/42600\/revisions"}],"wp:featuredmedia":[{"embeddable":true,"href":"https:\/\/www.abchukuk.com\/index.php\/wp-json\/wp\/v2\/media\/42601"}],"wp:attachment":[{"href":"https:\/\/www.abchukuk.com\/index.php\/wp-json\/wp\/v2\/media?parent=42600"}],"wp:term":[{"taxonomy":"category","embeddable":true,"href":"https:\/\/www.abchukuk.com\/index.php\/wp-json\/wp\/v2\/categories?post=42600"},{"taxonomy":"post_tag","embeddable":true,"href":"https:\/\/www.abchukuk.com\/index.php\/wp-json\/wp\/v2\/tags?post=42600"}],"curies":[{"name":"wp","href":"https:\/\/api.w.org\/{rel}","templated":true}]}}