{"id":42598,"date":"2026-09-05T06:38:00","date_gmt":"2026-09-05T06:38:00","guid":{"rendered":"https:\/\/www.abchukuk.com\/index.php\/2026\/09\/05\/resmi-gazetede-yayimlandi-bakanlik-ve-kamu-kurumlarinda-kritik-gorev-degisiklikleri\/"},"modified":"2026-09-05T06:38:00","modified_gmt":"2026-09-05T06:38:00","slug":"resmi-gazetede-yayimlandi-bakanlik-ve-kamu-kurumlarinda-kritik-gorev-degisiklikleri","status":"publish","type":"post","link":"https:\/\/www.abchukuk.com\/index.php\/2026\/09\/05\/resmi-gazetede-yayimlandi-bakanlik-ve-kamu-kurumlarinda-kritik-gorev-degisiklikleri\/","title":{"rendered":"Resmi Gazete\u2019de Yay\u0131mland\u0131: Bakanl\u0131k ve Kamu Kurumlar\u0131nda Kritik G\u00f6rev De\u011fi\u015fiklikleri"},"content":{"rendered":"<p><a href=\"https:\/\/www.gercekgundem.com\/gundem\/resmi-gazetede-yayimlandi-bakanlik-ve-kamu-kurumlarinda-kritik-gorev-degisiklikleri-578051\"><br \/>\n                                                            <img decoding=\"async\" src=\"https:\/\/i.gercekgundem.com\/2\/150\/84\/storage\/files\/images\/2026\/09\/05\/resmi-gazetede-yayimlandi-bakanlik-ve-kamu-kurumlarinda-kritik-gorev-degisiklikleri-vuib.jpg\" width=\"150\" height=\"84\" border=\"0\" align=\"right\" \/><br \/>\n                                                    <\/a><\/p>\n<h4>Cumhurba\u015fkan\u0131 Recep Tayyip Erdo\u011fan\u2019\u0131n imzas\u0131yla yay\u0131mlanan Resmi Gazete kararlar\u0131yla baz\u0131 bakanl\u0131k ve kamu kurumlar\u0131nda g\u00f6revden alma ve atamalar ger\u00e7ekle\u015ftirildi. Diyanet \u0130\u015fleri Ba\u015fkanl\u0131\u011f\u0131 Diyanet Akademisi Ba\u015fkanl\u0131\u011f\u0131na Ahmet Bostanc\u0131 atan\u0131rken, \u00e7ok say\u0131da il m\u00fcft\u00fcs\u00fc g\u00f6revden al\u0131nd\u0131 ve yeni atamalar yap\u0131ld\u0131. K\u00fclt\u00fcr ve Turizm Bakanl\u0131\u011f\u0131, Aile ve Sosyal Hizmetler Bakanl\u0131\u011f\u0131 ile di\u011fer kamu kurumlar\u0131nda da \u00e7e\u015fitli g\u00f6revlendirmeler ger\u00e7ekle\u015ftirildi.<\/h4>\n<p>Cumhurba\u015fkan\u0131 Recep Tayyip Erdo\u011fan\u2019\u0131n imzas\u0131yla yay\u0131mlanan Resmi Gazete kararlar\u0131yla baz\u0131 bakanl\u0131k ve kamu kurumlar\u0131nda g\u00f6revden alma ve atamalar ger\u00e7ekle\u015ftirildi. Diyanet \u0130\u015fleri Ba\u015fkanl\u0131\u011f\u0131 Diyanet Akademisi Ba\u015fkanl\u0131\u011f\u0131na Ahmet Bostanc\u0131 atan\u0131rken, \u00e7ok say\u0131da il m\u00fcft\u00fcs\u00fc g\u00f6revden al\u0131nd\u0131 ve yeni atamalar yap\u0131ld\u0131. K\u00fclt\u00fcr ve Turizm Bakanl\u0131\u011f\u0131, Aile ve Sosyal Hizmetler Bakanl\u0131\u011f\u0131 ile di\u011fer kamu kurumlar\u0131nda da \u00e7e\u015fitli g\u00f6revlendirmeler ger\u00e7ekle\u015ftirildi.\u00a0<a href=\"https:\/\/www.gercekgundem.com\/gundem\/resmi-gazetede-yayimlandi-bakanlik-ve-kamu-kurumlarinda-kritik-gorev-degisiklikleri-578051\" target=\"_blank\" class=\"feedzy-rss-link-icon\">Read More<\/a><\/p>","protected":false},"excerpt":{"rendered":"<p>Cumhurba\u015fkan\u0131 Recep Tayyip Erdo\u011fan\u2019\u0131n imzas\u0131yla yay\u0131mlanan Resmi Gazete kararlar\u0131yla baz\u0131 bakanl\u0131k ve kamu kurumlar\u0131nda g\u00f6revden alma ve atamalar ger\u00e7ekle\u015ftirildi. Diyanet \u0130\u015fleri Ba\u015fkanl\u0131\u011f\u0131 Diyanet Akademisi Ba\u015fkanl\u0131\u011f\u0131na Ahmet Bostanc\u0131 atan\u0131rken, \u00e7ok say\u0131da il m\u00fcft\u00fcs\u00fc g\u00f6revden al\u0131nd\u0131 ve yeni atamalar yap\u0131ld\u0131. K\u00fclt\u00fcr ve Turizm Bakanl\u0131\u011f\u0131, Aile ve Sosyal Hizmetler Bakanl\u0131\u011f\u0131 ile di\u011fer kamu kurumlar\u0131nda da \u00e7e\u015fitli g\u00f6revlendirmeler ger\u00e7ekle\u015ftirildi. [&hellip;]<\/p>\n","protected":false},"author":1,"featured_media":42599,"comment_status":"open","ping_status":"open","sticky":false,"template":"","format":"standard","meta":{"footnotes":"","_links_to":"","_links_to_target":""},"categories":[1],"tags":[],"class_list":["post-42598","post","type-post","status-publish","format-standard","has-post-thumbnail","hentry","category-haberler"],"_links":{"self":[{"href":"https:\/\/www.abchukuk.com\/index.php\/wp-json\/wp\/v2\/posts\/42598","targetHints":{"allow":["GET"]}}],"collection":[{"href":"https:\/\/www.abchukuk.com\/index.php\/wp-json\/wp\/v2\/posts"}],"about":[{"href":"https:\/\/www.abchukuk.com\/index.php\/wp-json\/wp\/v2\/types\/post"}],"author":[{"embeddable":true,"href":"https:\/\/www.abchukuk.com\/index.php\/wp-json\/wp\/v2\/users\/1"}],"replies":[{"embeddable":true,"href":"https:\/\/www.abchukuk.com\/index.php\/wp-json\/wp\/v2\/comments?post=42598"}],"version-history":[{"count":0,"href":"https:\/\/www.abchukuk.com\/index.php\/wp-json\/wp\/v2\/posts\/42598\/revisions"}],"wp:featuredmedia":[{"embeddable":true,"href":"https:\/\/www.abchukuk.com\/index.php\/wp-json\/wp\/v2\/media\/42599"}],"wp:attachment":[{"href":"https:\/\/www.abchukuk.com\/index.php\/wp-json\/wp\/v2\/media?parent=42598"}],"wp:term":[{"taxonomy":"category","embeddable":true,"href":"https:\/\/www.abchukuk.com\/index.php\/wp-json\/wp\/v2\/categories?post=42598"},{"taxonomy":"post_tag","embeddable":true,"href":"https:\/\/www.abchukuk.com\/index.php\/wp-json\/wp\/v2\/tags?post=42598"}],"curies":[{"name":"wp","href":"https:\/\/api.w.org\/{rel}","templated":true}]}}