{"id":42592,"date":"2026-09-05T05:02:00","date_gmt":"2026-09-05T05:02:00","guid":{"rendered":"https:\/\/www.abchukuk.com\/index.php\/2026\/09\/05\/erdogan-imzaladi-12-ulkeye-buyukelci-atamasi-karari-resmi-gazetede\/"},"modified":"2026-09-05T05:02:00","modified_gmt":"2026-09-05T05:02:00","slug":"erdogan-imzaladi-12-ulkeye-buyukelci-atamasi-karari-resmi-gazetede","status":"publish","type":"post","link":"https:\/\/www.abchukuk.com\/index.php\/2026\/09\/05\/erdogan-imzaladi-12-ulkeye-buyukelci-atamasi-karari-resmi-gazetede\/","title":{"rendered":"Erdo\u011fan imzalad\u0131&#8230; 12 \u00fclkeye b\u00fcy\u00fckel\u00e7i atamas\u0131 karar\u0131 Resmi Gazete&#8217;de"},"content":{"rendered":"<p>AKP&#8217;li Cumhurba\u015fkan\u0131 Recep Tayyip Erdo\u011fan&#8217;\u0131n imzas\u0131yla yap\u0131lan b\u00fcy\u00fckel\u00e7i atamalar\u0131na ili\u015fkin kararlar, Resmi Gazete&#8217;de yay\u0131mland\u0131.AKP&#8217;li Cumhurba\u015fkan\u0131 Recep Tayyip Erdo\u011fan&#8217;\u0131n imzas\u0131yla yap\u0131lan b\u00fcy\u00fckel\u00e7i atamalar\u0131na ili\u015fkin kararlar, Resmi Gazete&#8217;de yay\u0131mland\u0131.\u00a0<a href=\"https:\/\/www.cumhuriyet.com.tr\/turkiye\/erdogan-imzaladi-12-ulkeye-buyukelci-atamasi-karari-resmi-gazete-de-2535027\" target=\"_blank\" class=\"feedzy-rss-link-icon\">Read More<\/a><\/p>","protected":false},"excerpt":{"rendered":"<p>AKP&#8217;li Cumhurba\u015fkan\u0131 Recep Tayyip Erdo\u011fan&#8217;\u0131n imzas\u0131yla yap\u0131lan b\u00fcy\u00fckel\u00e7i atamalar\u0131na ili\u015fkin kararlar, Resmi Gazete&#8217;de yay\u0131mland\u0131.AKP&#8217;li Cumhurba\u015fkan\u0131 Recep Tayyip Erdo\u011fan&#8217;\u0131n imzas\u0131yla yap\u0131lan b\u00fcy\u00fckel\u00e7i atamalar\u0131na ili\u015fkin kararlar, Resmi Gazete&#8217;de yay\u0131mland\u0131.\u00a0Read More<\/p>\n","protected":false},"author":1,"featured_media":42593,"comment_status":"open","ping_status":"open","sticky":false,"template":"","format":"standard","meta":{"footnotes":"","_links_to":"","_links_to_target":""},"categories":[1],"tags":[],"class_list":["post-42592","post","type-post","status-publish","format-standard","has-post-thumbnail","hentry","category-haberler"],"_links":{"self":[{"href":"https:\/\/www.abchukuk.com\/index.php\/wp-json\/wp\/v2\/posts\/42592","targetHints":{"allow":["GET"]}}],"collection":[{"href":"https:\/\/www.abchukuk.com\/index.php\/wp-json\/wp\/v2\/posts"}],"about":[{"href":"https:\/\/www.abchukuk.com\/index.php\/wp-json\/wp\/v2\/types\/post"}],"author":[{"embeddable":true,"href":"https:\/\/www.abchukuk.com\/index.php\/wp-json\/wp\/v2\/users\/1"}],"replies":[{"embeddable":true,"href":"https:\/\/www.abchukuk.com\/index.php\/wp-json\/wp\/v2\/comments?post=42592"}],"version-history":[{"count":0,"href":"https:\/\/www.abchukuk.com\/index.php\/wp-json\/wp\/v2\/posts\/42592\/revisions"}],"wp:featuredmedia":[{"embeddable":true,"href":"https:\/\/www.abchukuk.com\/index.php\/wp-json\/wp\/v2\/media\/42593"}],"wp:attachment":[{"href":"https:\/\/www.abchukuk.com\/index.php\/wp-json\/wp\/v2\/media?parent=42592"}],"wp:term":[{"taxonomy":"category","embeddable":true,"href":"https:\/\/www.abchukuk.com\/index.php\/wp-json\/wp\/v2\/categories?post=42592"},{"taxonomy":"post_tag","embeddable":true,"href":"https:\/\/www.abchukuk.com\/index.php\/wp-json\/wp\/v2\/tags?post=42592"}],"curies":[{"name":"wp","href":"https:\/\/api.w.org\/{rel}","templated":true}]}}