{"id":42588,"date":"2026-09-05T00:14:37","date_gmt":"2026-09-05T00:14:37","guid":{"rendered":"https:\/\/www.abchukuk.com\/index.php\/2026\/09\/05\/kahramanmarastaki-okul-saldirisi-davasinda-tutuklu-anneye-tahliye-karari\/"},"modified":"2026-09-05T00:14:37","modified_gmt":"2026-09-05T00:14:37","slug":"kahramanmarastaki-okul-saldirisi-davasinda-tutuklu-anneye-tahliye-karari","status":"publish","type":"post","link":"https:\/\/www.abchukuk.com\/index.php\/2026\/09\/05\/kahramanmarastaki-okul-saldirisi-davasinda-tutuklu-anneye-tahliye-karari\/","title":{"rendered":"Kahramanmara\u015f&#8217;taki okul sald\u0131r\u0131s\u0131 davas\u0131nda tutuklu anneye tahliye karar\u0131"},"content":{"rendered":"<p>Kahramanmara\u015f&#8217;ta 1 \u00f6\u011fretmen ile 9 \u00f6\u011frencinin hayat\u0131n\u0131 kaybetti\u011fi, 15 \u00f6\u011frencinin yaraland\u0131\u011f\u0131 okul sald\u0131r\u0131s\u0131na ili\u015fkin, \u00f6len sald\u0131rgan\u0131n babas\u0131 tutuklu san\u0131k U\u011fur Mersinli ile annesi tutuklu san\u0131k Peyman P\u0131nar Mersinli&#8217;nin yarg\u0131land\u0131\u011f\u0131 davan\u0131n ilk duru\u015fmas\u0131 tamamland\u0131. Mahkeme heyeti, ara karar\u0131nda baba U\u011fur Mersinli&#8217;nin tutukluluk halinin devam\u0131na, anne Peyman P\u0131nar Mersinli&#8217;nin tahliyesine karar vererek, duru\u015fmay\u0131 4 Aral\u0131k&#8217;a ertelediKahramanmara\u015f&#8217;ta 1 \u00f6\u011fretmen ile 9 \u00f6\u011frencinin hayat\u0131n\u0131 kaybetti\u011fi, 15 \u00f6\u011frencinin yaraland\u0131\u011f\u0131 okul sald\u0131r\u0131s\u0131na ili\u015fkin, \u00f6len sald\u0131rgan\u0131n babas\u0131 tutuklu san\u0131k U\u011fur Mersinli ile annesi tutuklu san\u0131k Peyman P\u0131nar Mersinli&#8217;nin yarg\u0131land\u0131\u011f\u0131 davan\u0131n ilk duru\u015fmas\u0131 tamamland\u0131. Mahkeme heyeti, ara karar\u0131nda baba U\u011fur Mersinli&#8217;nin tutukluluk halinin devam\u0131na, anne Peyman P\u0131nar Mersinli&#8217;nin tahliyesine karar vererek, duru\u015fmay\u0131 4 Aral\u0131k&#8217;a erteledi\u00a0<a href=\"https:\/\/www.haberturk.com\/gundem\/kahramanmaras-taki-okul-saldirisi-davasinda-tutuklu-anneye-tahliye-karari-3910398\" target=\"_blank\" class=\"feedzy-rss-link-icon\">Read More<\/a><\/p>","protected":false},"excerpt":{"rendered":"<p>Kahramanmara\u015f&#8217;ta 1 \u00f6\u011fretmen ile 9 \u00f6\u011frencinin hayat\u0131n\u0131 kaybetti\u011fi, 15 \u00f6\u011frencinin yaraland\u0131\u011f\u0131 okul sald\u0131r\u0131s\u0131na ili\u015fkin, \u00f6len sald\u0131rgan\u0131n babas\u0131 tutuklu san\u0131k U\u011fur Mersinli ile annesi tutuklu san\u0131k Peyman P\u0131nar Mersinli&#8217;nin yarg\u0131land\u0131\u011f\u0131 davan\u0131n ilk duru\u015fmas\u0131 tamamland\u0131. Mahkeme heyeti, ara karar\u0131nda baba U\u011fur Mersinli&#8217;nin tutukluluk halinin devam\u0131na, anne Peyman P\u0131nar Mersinli&#8217;nin tahliyesine karar vererek, duru\u015fmay\u0131 4 Aral\u0131k&#8217;a ertelediKahramanmara\u015f&#8217;ta 1 [&hellip;]<\/p>\n","protected":false},"author":1,"featured_media":0,"comment_status":"open","ping_status":"open","sticky":false,"template":"","format":"standard","meta":{"footnotes":"","_links_to":"","_links_to_target":""},"categories":[1],"tags":[],"class_list":["post-42588","post","type-post","status-publish","format-standard","hentry","category-haberler"],"_links":{"self":[{"href":"https:\/\/www.abchukuk.com\/index.php\/wp-json\/wp\/v2\/posts\/42588","targetHints":{"allow":["GET"]}}],"collection":[{"href":"https:\/\/www.abchukuk.com\/index.php\/wp-json\/wp\/v2\/posts"}],"about":[{"href":"https:\/\/www.abchukuk.com\/index.php\/wp-json\/wp\/v2\/types\/post"}],"author":[{"embeddable":true,"href":"https:\/\/www.abchukuk.com\/index.php\/wp-json\/wp\/v2\/users\/1"}],"replies":[{"embeddable":true,"href":"https:\/\/www.abchukuk.com\/index.php\/wp-json\/wp\/v2\/comments?post=42588"}],"version-history":[{"count":0,"href":"https:\/\/www.abchukuk.com\/index.php\/wp-json\/wp\/v2\/posts\/42588\/revisions"}],"wp:attachment":[{"href":"https:\/\/www.abchukuk.com\/index.php\/wp-json\/wp\/v2\/media?parent=42588"}],"wp:term":[{"taxonomy":"category","embeddable":true,"href":"https:\/\/www.abchukuk.com\/index.php\/wp-json\/wp\/v2\/categories?post=42588"},{"taxonomy":"post_tag","embeddable":true,"href":"https:\/\/www.abchukuk.com\/index.php\/wp-json\/wp\/v2\/tags?post=42588"}],"curies":[{"name":"wp","href":"https:\/\/api.w.org\/{rel}","templated":true}]}}