{"id":42584,"date":"2026-09-04T21:18:00","date_gmt":"2026-09-04T21:18:00","guid":{"rendered":"https:\/\/www.abchukuk.com\/index.php\/2026\/09\/04\/resmi-gazetede-yayimlandi-sayistaya-yeni-bassavci-atamasi\/"},"modified":"2026-09-04T21:18:00","modified_gmt":"2026-09-04T21:18:00","slug":"resmi-gazetede-yayimlandi-sayistaya-yeni-bassavci-atamasi","status":"publish","type":"post","link":"https:\/\/www.abchukuk.com\/index.php\/2026\/09\/04\/resmi-gazetede-yayimlandi-sayistaya-yeni-bassavci-atamasi\/","title":{"rendered":"Resmi Gazete\u2019de yay\u0131mland\u0131: Say\u0131\u015ftay\u2019a yeni Ba\u015fsavc\u0131 atamas\u0131"},"content":{"rendered":"<p>Say\u0131\u015ftay Ba\u015fsavc\u0131l\u0131\u011f\u0131 g\u00f6revine, Say\u0131\u015ftay Savc\u0131s\u0131 Recep \u00c7evik getirildi. Atama karar\u0131, Cumhurba\u015fkan\u0131 Recep Tayyip Erdo\u011fan\u2019\u0131n imzas\u0131yla Resmi Gazete\u2019de yay\u0131mland\u0131.Say\u0131\u015ftay Ba\u015fsavc\u0131l\u0131\u011f\u0131 g\u00f6revine, Say\u0131\u015ftay Savc\u0131s\u0131 Recep \u00c7evik getirildi. Atama karar\u0131, Cumhurba\u015fkan\u0131 Recep Tayyip Erdo\u011fan\u2019\u0131n imzas\u0131yla Resmi Gazete\u2019de yay\u0131mland\u0131.\u00a0<a href=\"https:\/\/www.cumhuriyet.com.tr\/turkiye\/resmi-gazete-de-yayimlandi-sayistay-a-yeni-bassavci-atamasi-2535018\" target=\"_blank\" class=\"feedzy-rss-link-icon\">Read More<\/a><\/p>","protected":false},"excerpt":{"rendered":"<p>Say\u0131\u015ftay Ba\u015fsavc\u0131l\u0131\u011f\u0131 g\u00f6revine, Say\u0131\u015ftay Savc\u0131s\u0131 Recep \u00c7evik getirildi. Atama karar\u0131, Cumhurba\u015fkan\u0131 Recep Tayyip Erdo\u011fan\u2019\u0131n imzas\u0131yla Resmi Gazete\u2019de yay\u0131mland\u0131.Say\u0131\u015ftay Ba\u015fsavc\u0131l\u0131\u011f\u0131 g\u00f6revine, Say\u0131\u015ftay Savc\u0131s\u0131 Recep \u00c7evik getirildi. Atama karar\u0131, Cumhurba\u015fkan\u0131 Recep Tayyip Erdo\u011fan\u2019\u0131n imzas\u0131yla Resmi Gazete\u2019de yay\u0131mland\u0131.\u00a0Read More<\/p>\n","protected":false},"author":1,"featured_media":42585,"comment_status":"open","ping_status":"open","sticky":false,"template":"","format":"standard","meta":{"footnotes":"","_links_to":"","_links_to_target":""},"categories":[1],"tags":[],"class_list":["post-42584","post","type-post","status-publish","format-standard","has-post-thumbnail","hentry","category-haberler"],"_links":{"self":[{"href":"https:\/\/www.abchukuk.com\/index.php\/wp-json\/wp\/v2\/posts\/42584","targetHints":{"allow":["GET"]}}],"collection":[{"href":"https:\/\/www.abchukuk.com\/index.php\/wp-json\/wp\/v2\/posts"}],"about":[{"href":"https:\/\/www.abchukuk.com\/index.php\/wp-json\/wp\/v2\/types\/post"}],"author":[{"embeddable":true,"href":"https:\/\/www.abchukuk.com\/index.php\/wp-json\/wp\/v2\/users\/1"}],"replies":[{"embeddable":true,"href":"https:\/\/www.abchukuk.com\/index.php\/wp-json\/wp\/v2\/comments?post=42584"}],"version-history":[{"count":0,"href":"https:\/\/www.abchukuk.com\/index.php\/wp-json\/wp\/v2\/posts\/42584\/revisions"}],"wp:featuredmedia":[{"embeddable":true,"href":"https:\/\/www.abchukuk.com\/index.php\/wp-json\/wp\/v2\/media\/42585"}],"wp:attachment":[{"href":"https:\/\/www.abchukuk.com\/index.php\/wp-json\/wp\/v2\/media?parent=42584"}],"wp:term":[{"taxonomy":"category","embeddable":true,"href":"https:\/\/www.abchukuk.com\/index.php\/wp-json\/wp\/v2\/categories?post=42584"},{"taxonomy":"post_tag","embeddable":true,"href":"https:\/\/www.abchukuk.com\/index.php\/wp-json\/wp\/v2\/tags?post=42584"}],"curies":[{"name":"wp","href":"https:\/\/api.w.org\/{rel}","templated":true}]}}