{"id":42581,"date":"2026-09-04T21:25:00","date_gmt":"2026-09-04T21:25:00","guid":{"rendered":"https:\/\/www.abchukuk.com\/index.php\/2026\/09\/04\/bolu-belediyesi-sorusturmasi-tanju-ozcana-yeniden-tutuklama-karari\/"},"modified":"2026-09-04T21:25:00","modified_gmt":"2026-09-04T21:25:00","slug":"bolu-belediyesi-sorusturmasi-tanju-ozcana-yeniden-tutuklama-karari","status":"publish","type":"post","link":"https:\/\/www.abchukuk.com\/index.php\/2026\/09\/04\/bolu-belediyesi-sorusturmasi-tanju-ozcana-yeniden-tutuklama-karari\/","title":{"rendered":"Bolu Belediyesi soru\u015fturmas\u0131\u2026 Tanju \u00d6zcan\u2019a yeniden tutuklama karar\u0131"},"content":{"rendered":"<p>Bolu Belediyesi\u2019ndeki ara\u00e7 kiralama ihalelerinde usuls\u00fczl\u00fck yap\u0131ld\u0131\u011f\u0131 iddias\u0131yla y\u00fcr\u00fct\u00fclen soru\u015fturmada, g\u00f6revden uzakla\u015ft\u0131r\u0131lan ve tutuklu bulunan Belediye Ba\u015fkan\u0131 Tanju \u00d6zcan\u2019\u0131n da aralar\u0131nda oldu\u011fu 7 ki\u015fi tutukland\u0131.Bolu Belediyesi\u2019ndeki ara\u00e7 kiralama ihalelerinde usuls\u00fczl\u00fck yap\u0131ld\u0131\u011f\u0131 iddias\u0131yla y\u00fcr\u00fct\u00fclen soru\u015fturmada, g\u00f6revden uzakla\u015ft\u0131r\u0131lan ve tutuklu bulunan Belediye Ba\u015fkan\u0131 Tanju \u00d6zcan\u2019\u0131n da aralar\u0131nda oldu\u011fu 7 ki\u015fi tutukland\u0131.\u00a0<a href=\"https:\/\/www.cumhuriyet.com.tr\/turkiye\/bolu-belediyesi-sorusturmasi-tanju-ozcan-a-yeniden-tutuklama-karari-2535020\" target=\"_blank\" class=\"feedzy-rss-link-icon\">Read More<\/a><\/p>","protected":false},"excerpt":{"rendered":"<p>Bolu Belediyesi\u2019ndeki ara\u00e7 kiralama ihalelerinde usuls\u00fczl\u00fck yap\u0131ld\u0131\u011f\u0131 iddias\u0131yla y\u00fcr\u00fct\u00fclen soru\u015fturmada, g\u00f6revden uzakla\u015ft\u0131r\u0131lan ve tutuklu bulunan Belediye Ba\u015fkan\u0131 Tanju \u00d6zcan\u2019\u0131n da aralar\u0131nda oldu\u011fu 7 ki\u015fi tutukland\u0131.Bolu Belediyesi\u2019ndeki ara\u00e7 kiralama ihalelerinde usuls\u00fczl\u00fck yap\u0131ld\u0131\u011f\u0131 iddias\u0131yla y\u00fcr\u00fct\u00fclen soru\u015fturmada, g\u00f6revden uzakla\u015ft\u0131r\u0131lan ve tutuklu bulunan Belediye Ba\u015fkan\u0131 Tanju \u00d6zcan\u2019\u0131n da aralar\u0131nda oldu\u011fu 7 ki\u015fi tutukland\u0131.\u00a0Read More<\/p>\n","protected":false},"author":1,"featured_media":42582,"comment_status":"open","ping_status":"open","sticky":false,"template":"","format":"standard","meta":{"footnotes":"","_links_to":"","_links_to_target":""},"categories":[1],"tags":[],"class_list":["post-42581","post","type-post","status-publish","format-standard","has-post-thumbnail","hentry","category-haberler"],"_links":{"self":[{"href":"https:\/\/www.abchukuk.com\/index.php\/wp-json\/wp\/v2\/posts\/42581","targetHints":{"allow":["GET"]}}],"collection":[{"href":"https:\/\/www.abchukuk.com\/index.php\/wp-json\/wp\/v2\/posts"}],"about":[{"href":"https:\/\/www.abchukuk.com\/index.php\/wp-json\/wp\/v2\/types\/post"}],"author":[{"embeddable":true,"href":"https:\/\/www.abchukuk.com\/index.php\/wp-json\/wp\/v2\/users\/1"}],"replies":[{"embeddable":true,"href":"https:\/\/www.abchukuk.com\/index.php\/wp-json\/wp\/v2\/comments?post=42581"}],"version-history":[{"count":0,"href":"https:\/\/www.abchukuk.com\/index.php\/wp-json\/wp\/v2\/posts\/42581\/revisions"}],"wp:featuredmedia":[{"embeddable":true,"href":"https:\/\/www.abchukuk.com\/index.php\/wp-json\/wp\/v2\/media\/42582"}],"wp:attachment":[{"href":"https:\/\/www.abchukuk.com\/index.php\/wp-json\/wp\/v2\/media?parent=42581"}],"wp:term":[{"taxonomy":"category","embeddable":true,"href":"https:\/\/www.abchukuk.com\/index.php\/wp-json\/wp\/v2\/categories?post=42581"},{"taxonomy":"post_tag","embeddable":true,"href":"https:\/\/www.abchukuk.com\/index.php\/wp-json\/wp\/v2\/tags?post=42581"}],"curies":[{"name":"wp","href":"https:\/\/api.w.org\/{rel}","templated":true}]}}