{"id":42579,"date":"2026-09-04T21:29:00","date_gmt":"2026-09-04T21:29:00","guid":{"rendered":"https:\/\/www.abchukuk.com\/index.php\/2026\/09\/04\/doku-ailesi-avukatinin-talebi-uzerine-sonel-hakkinda-yeni-karar\/"},"modified":"2026-09-04T21:29:00","modified_gmt":"2026-09-04T21:29:00","slug":"doku-ailesi-avukatinin-talebi-uzerine-sonel-hakkinda-yeni-karar","status":"publish","type":"post","link":"https:\/\/www.abchukuk.com\/index.php\/2026\/09\/04\/doku-ailesi-avukatinin-talebi-uzerine-sonel-hakkinda-yeni-karar\/","title":{"rendered":"Doku Ailesi Avukat\u0131n\u0131n Talebi \u00dczerine&#8230; Sonel Hakk\u0131nda Yeni Karar"},"content":{"rendered":"<p><a href=\"https:\/\/www.gercekgundem.com\/guncel\/doku-ailesi-avukatinin-talebi-uzerine-sonel-hakkinda-yeni-karar-578044\"><br \/>\n                                                            <img decoding=\"async\" src=\"https:\/\/i.gercekgundem.com\/2\/150\/84\/storage\/files\/images\/2026\/09\/05\/doku-ailesi-avukatinin-talebi-uzerine-sonel-hakkinda-yeni-karar-9swj.jpg\" width=\"150\" height=\"84\" border=\"0\" align=\"right\" \/><br \/>\n                                                    <\/a><\/p>\n<h4>G\u00fclistan Doku\u2019nun kayboldu\u011fu d\u00f6nemde Tunceli Valisi olan ve soru\u015fturma kapsam\u0131nda tutuklanan Tuncay Sonel\u2019in X hesab\u0131 eri\u015fime engellendi.<\/h4>\n<p>G\u00fclistan Doku\u2019nun kayboldu\u011fu d\u00f6nemde Tunceli Valisi olan ve soru\u015fturma kapsam\u0131nda tutuklanan Tuncay Sonel\u2019in X hesab\u0131 eri\u015fime engellendi.\u00a0<a href=\"https:\/\/www.gercekgundem.com\/guncel\/doku-ailesi-avukatinin-talebi-uzerine-sonel-hakkinda-yeni-karar-578044\" target=\"_blank\" class=\"feedzy-rss-link-icon\">Read More<\/a><\/p>","protected":false},"excerpt":{"rendered":"<p>G\u00fclistan Doku\u2019nun kayboldu\u011fu d\u00f6nemde Tunceli Valisi olan ve soru\u015fturma kapsam\u0131nda tutuklanan Tuncay Sonel\u2019in X hesab\u0131 eri\u015fime engellendi. G\u00fclistan Doku\u2019nun kayboldu\u011fu d\u00f6nemde Tunceli Valisi olan ve soru\u015fturma kapsam\u0131nda tutuklanan Tuncay Sonel\u2019in X hesab\u0131 eri\u015fime engellendi.\u00a0Read More<\/p>\n","protected":false},"author":1,"featured_media":42580,"comment_status":"open","ping_status":"open","sticky":false,"template":"","format":"standard","meta":{"footnotes":"","_links_to":"","_links_to_target":""},"categories":[1],"tags":[],"class_list":["post-42579","post","type-post","status-publish","format-standard","has-post-thumbnail","hentry","category-haberler"],"_links":{"self":[{"href":"https:\/\/www.abchukuk.com\/index.php\/wp-json\/wp\/v2\/posts\/42579","targetHints":{"allow":["GET"]}}],"collection":[{"href":"https:\/\/www.abchukuk.com\/index.php\/wp-json\/wp\/v2\/posts"}],"about":[{"href":"https:\/\/www.abchukuk.com\/index.php\/wp-json\/wp\/v2\/types\/post"}],"author":[{"embeddable":true,"href":"https:\/\/www.abchukuk.com\/index.php\/wp-json\/wp\/v2\/users\/1"}],"replies":[{"embeddable":true,"href":"https:\/\/www.abchukuk.com\/index.php\/wp-json\/wp\/v2\/comments?post=42579"}],"version-history":[{"count":0,"href":"https:\/\/www.abchukuk.com\/index.php\/wp-json\/wp\/v2\/posts\/42579\/revisions"}],"wp:featuredmedia":[{"embeddable":true,"href":"https:\/\/www.abchukuk.com\/index.php\/wp-json\/wp\/v2\/media\/42580"}],"wp:attachment":[{"href":"https:\/\/www.abchukuk.com\/index.php\/wp-json\/wp\/v2\/media?parent=42579"}],"wp:term":[{"taxonomy":"category","embeddable":true,"href":"https:\/\/www.abchukuk.com\/index.php\/wp-json\/wp\/v2\/categories?post=42579"},{"taxonomy":"post_tag","embeddable":true,"href":"https:\/\/www.abchukuk.com\/index.php\/wp-json\/wp\/v2\/tags?post=42579"}],"curies":[{"name":"wp","href":"https:\/\/api.w.org\/{rel}","templated":true}]}}