{"id":42577,"date":"2026-09-04T21:34:00","date_gmt":"2026-09-04T21:34:00","guid":{"rendered":"https:\/\/www.abchukuk.com\/index.php\/2026\/09\/04\/tutuklu-komedyen-deniz-goktastan-yeni-mesaj-son-tweetten-sonra-2-kere-daha-tutuklandim\/"},"modified":"2026-09-04T21:34:00","modified_gmt":"2026-09-04T21:34:00","slug":"tutuklu-komedyen-deniz-goktastan-yeni-mesaj-son-tweetten-sonra-2-kere-daha-tutuklandim","status":"publish","type":"post","link":"https:\/\/www.abchukuk.com\/index.php\/2026\/09\/04\/tutuklu-komedyen-deniz-goktastan-yeni-mesaj-son-tweetten-sonra-2-kere-daha-tutuklandim\/","title":{"rendered":"Tutuklu komedyen Deniz G\u00f6kta\u015f&#8217;tan yeni mesaj: \u2018Son tweetten sonra 2 kere daha tutukland\u0131m\u2019"},"content":{"rendered":"<p>\u00c7orlu Karatepe Cezaevi\u2019nde yakla\u015f\u0131k iki ayd\u0131r tutuklu bulunan komedyen Deniz G\u00f6kta\u015f, hakk\u0131nda haz\u0131rlanan iddianamenin ard\u0131ndan sosyal medya hesab\u0131ndan mesaj payla\u015ft\u0131. G\u00f6kta\u015f, yeniden tutuklama kararlar\u0131na g\u00f6nderme yaparak \u201cNapacaklar, bir daha hapse atamazlar ya diye kendimi rahatlat\u0131yordum. Atabiliyorlarm\u0131\u015f\u201d ifadelerini kulland\u0131.\u00c7orlu Karatepe Cezaevi\u2019nde yakla\u015f\u0131k iki ayd\u0131r tutuklu bulunan komedyen Deniz G\u00f6kta\u015f, hakk\u0131nda haz\u0131rlanan iddianamenin ard\u0131ndan sosyal medya hesab\u0131ndan mesaj payla\u015ft\u0131. G\u00f6kta\u015f, yeniden tutuklama kararlar\u0131na g\u00f6nderme yaparak \u201cNapacaklar, bir daha hapse atamazlar ya diye kendimi rahatlat\u0131yordum. Atabiliyorlarm\u0131\u015f\u201d ifadelerini kulland\u0131.\u00a0<a href=\"https:\/\/www.cumhuriyet.com.tr\/turkiye\/tutuklu-komedyen-deniz-goktas-tan-yeni-mesaj-son-tweetten-sonra-2-kere-daha-tutuklandim-2535021\" target=\"_blank\" class=\"feedzy-rss-link-icon\">Read More<\/a><\/p>","protected":false},"excerpt":{"rendered":"<p>\u00c7orlu Karatepe Cezaevi\u2019nde yakla\u015f\u0131k iki ayd\u0131r tutuklu bulunan komedyen Deniz G\u00f6kta\u015f, hakk\u0131nda haz\u0131rlanan iddianamenin ard\u0131ndan sosyal medya hesab\u0131ndan mesaj payla\u015ft\u0131. G\u00f6kta\u015f, yeniden tutuklama kararlar\u0131na g\u00f6nderme yaparak \u201cNapacaklar, bir daha hapse atamazlar ya diye kendimi rahatlat\u0131yordum. Atabiliyorlarm\u0131\u015f\u201d ifadelerini kulland\u0131.\u00c7orlu Karatepe Cezaevi\u2019nde yakla\u015f\u0131k iki ayd\u0131r tutuklu bulunan komedyen Deniz G\u00f6kta\u015f, hakk\u0131nda haz\u0131rlanan iddianamenin ard\u0131ndan sosyal medya hesab\u0131ndan [&hellip;]<\/p>\n","protected":false},"author":1,"featured_media":42578,"comment_status":"open","ping_status":"open","sticky":false,"template":"","format":"standard","meta":{"footnotes":"","_links_to":"","_links_to_target":""},"categories":[1],"tags":[],"class_list":["post-42577","post","type-post","status-publish","format-standard","has-post-thumbnail","hentry","category-haberler"],"_links":{"self":[{"href":"https:\/\/www.abchukuk.com\/index.php\/wp-json\/wp\/v2\/posts\/42577","targetHints":{"allow":["GET"]}}],"collection":[{"href":"https:\/\/www.abchukuk.com\/index.php\/wp-json\/wp\/v2\/posts"}],"about":[{"href":"https:\/\/www.abchukuk.com\/index.php\/wp-json\/wp\/v2\/types\/post"}],"author":[{"embeddable":true,"href":"https:\/\/www.abchukuk.com\/index.php\/wp-json\/wp\/v2\/users\/1"}],"replies":[{"embeddable":true,"href":"https:\/\/www.abchukuk.com\/index.php\/wp-json\/wp\/v2\/comments?post=42577"}],"version-history":[{"count":0,"href":"https:\/\/www.abchukuk.com\/index.php\/wp-json\/wp\/v2\/posts\/42577\/revisions"}],"wp:featuredmedia":[{"embeddable":true,"href":"https:\/\/www.abchukuk.com\/index.php\/wp-json\/wp\/v2\/media\/42578"}],"wp:attachment":[{"href":"https:\/\/www.abchukuk.com\/index.php\/wp-json\/wp\/v2\/media?parent=42577"}],"wp:term":[{"taxonomy":"category","embeddable":true,"href":"https:\/\/www.abchukuk.com\/index.php\/wp-json\/wp\/v2\/categories?post=42577"},{"taxonomy":"post_tag","embeddable":true,"href":"https:\/\/www.abchukuk.com\/index.php\/wp-json\/wp\/v2\/tags?post=42577"}],"curies":[{"name":"wp","href":"https:\/\/api.w.org\/{rel}","templated":true}]}}