{"id":42575,"date":"2026-09-04T21:41:00","date_gmt":"2026-09-04T21:41:00","guid":{"rendered":"https:\/\/www.abchukuk.com\/index.php\/2026\/09\/04\/atama-kararlari-resmi-gazetede-turkiyenin-12-ulkedeki-buyukelcileri-degisti\/"},"modified":"2026-09-04T21:41:00","modified_gmt":"2026-09-04T21:41:00","slug":"atama-kararlari-resmi-gazetede-turkiyenin-12-ulkedeki-buyukelcileri-degisti","status":"publish","type":"post","link":"https:\/\/www.abchukuk.com\/index.php\/2026\/09\/04\/atama-kararlari-resmi-gazetede-turkiyenin-12-ulkedeki-buyukelcileri-degisti\/","title":{"rendered":"Atama Kararlar\u0131 Resmi Gazete&#8217;de: T\u00fcrkiye&#8217;nin 12 \u00dclkedeki B\u00fcy\u00fckel\u00e7ileri De\u011fi\u015fti"},"content":{"rendered":"<p><a href=\"https:\/\/www.gercekgundem.com\/guncel\/atama-kararlari-resmi-gazetede-turkiyenin-12-ulkedeki-buyukelcileri-degisti-578045\"><br \/>\n                                                            <img decoding=\"async\" src=\"https:\/\/i.gercekgundem.com\/2\/150\/84\/storage\/files\/images\/2026\/09\/05\/atama-kararlari-resmi-gazetede-turkiyenin-12-ulkedeki-buyukelcileri-degisti-nlqf.jpg\" width=\"150\" height=\"84\" border=\"0\" align=\"right\" \/><br \/>\n                                                    <\/a><\/p>\n<h4>Cumhurba\u015fkan\u0131 Recep Tayyip Erdo\u011fan&#8217;\u0131n imzas\u0131yla Resmi Gazete&#8217;de yay\u0131mlanan kararlara g\u00f6re 12 \u00fclkeye yeni b\u00fcy\u00fckel\u00e7iler atand\u0131.<\/h4>\n<p>Cumhurba\u015fkan\u0131 Recep Tayyip Erdo\u011fan&#8217;\u0131n imzas\u0131yla Resmi Gazete&#8217;de yay\u0131mlanan kararlara g\u00f6re 12 \u00fclkeye yeni b\u00fcy\u00fckel\u00e7iler atand\u0131.\u00a0<a href=\"https:\/\/www.gercekgundem.com\/guncel\/atama-kararlari-resmi-gazetede-turkiyenin-12-ulkedeki-buyukelcileri-degisti-578045\" target=\"_blank\" class=\"feedzy-rss-link-icon\">Read More<\/a><\/p>","protected":false},"excerpt":{"rendered":"<p>Cumhurba\u015fkan\u0131 Recep Tayyip Erdo\u011fan&#8217;\u0131n imzas\u0131yla Resmi Gazete&#8217;de yay\u0131mlanan kararlara g\u00f6re 12 \u00fclkeye yeni b\u00fcy\u00fckel\u00e7iler atand\u0131. Cumhurba\u015fkan\u0131 Recep Tayyip Erdo\u011fan&#8217;\u0131n imzas\u0131yla Resmi Gazete&#8217;de yay\u0131mlanan kararlara g\u00f6re 12 \u00fclkeye yeni b\u00fcy\u00fckel\u00e7iler atand\u0131.\u00a0Read More<\/p>\n","protected":false},"author":1,"featured_media":42576,"comment_status":"open","ping_status":"open","sticky":false,"template":"","format":"standard","meta":{"footnotes":"","_links_to":"","_links_to_target":""},"categories":[1],"tags":[],"class_list":["post-42575","post","type-post","status-publish","format-standard","has-post-thumbnail","hentry","category-haberler"],"_links":{"self":[{"href":"https:\/\/www.abchukuk.com\/index.php\/wp-json\/wp\/v2\/posts\/42575","targetHints":{"allow":["GET"]}}],"collection":[{"href":"https:\/\/www.abchukuk.com\/index.php\/wp-json\/wp\/v2\/posts"}],"about":[{"href":"https:\/\/www.abchukuk.com\/index.php\/wp-json\/wp\/v2\/types\/post"}],"author":[{"embeddable":true,"href":"https:\/\/www.abchukuk.com\/index.php\/wp-json\/wp\/v2\/users\/1"}],"replies":[{"embeddable":true,"href":"https:\/\/www.abchukuk.com\/index.php\/wp-json\/wp\/v2\/comments?post=42575"}],"version-history":[{"count":0,"href":"https:\/\/www.abchukuk.com\/index.php\/wp-json\/wp\/v2\/posts\/42575\/revisions"}],"wp:featuredmedia":[{"embeddable":true,"href":"https:\/\/www.abchukuk.com\/index.php\/wp-json\/wp\/v2\/media\/42576"}],"wp:attachment":[{"href":"https:\/\/www.abchukuk.com\/index.php\/wp-json\/wp\/v2\/media?parent=42575"}],"wp:term":[{"taxonomy":"category","embeddable":true,"href":"https:\/\/www.abchukuk.com\/index.php\/wp-json\/wp\/v2\/categories?post=42575"},{"taxonomy":"post_tag","embeddable":true,"href":"https:\/\/www.abchukuk.com\/index.php\/wp-json\/wp\/v2\/tags?post=42575"}],"curies":[{"name":"wp","href":"https:\/\/api.w.org\/{rel}","templated":true}]}}