{"id":42573,"date":"2026-09-04T21:46:00","date_gmt":"2026-09-04T21:46:00","guid":{"rendered":"https:\/\/www.abchukuk.com\/index.php\/2026\/09\/04\/sayistay-bassavciligina-recep-cevik-atandi\/"},"modified":"2026-09-04T21:46:00","modified_gmt":"2026-09-04T21:46:00","slug":"sayistay-bassavciligina-recep-cevik-atandi","status":"publish","type":"post","link":"https:\/\/www.abchukuk.com\/index.php\/2026\/09\/04\/sayistay-bassavciligina-recep-cevik-atandi\/","title":{"rendered":"Say\u0131\u015ftay Ba\u015fsavc\u0131l\u0131\u011f\u0131na Recep \u00c7evik atand\u0131"},"content":{"rendered":"<p>Cumhurba\u015fkan\u0131 Recep Tayyip Erdo\u011fan\u2019\u0131n imzas\u0131yla yay\u0131mlanan atama karar\u0131na g\u00f6re, Say\u0131\u015ftay Ba\u015fsavc\u0131l\u0131\u011f\u0131 g\u00f6revine Say\u0131\u015ftay Savc\u0131s\u0131 Recep \u00c7evik getirildi.Cumhurba\u015fkan\u0131 Recep Tayyip Erdo\u011fan\u2019\u0131n imzas\u0131yla yay\u0131mlanan atama karar\u0131na g\u00f6re, Say\u0131\u015ftay Ba\u015fsavc\u0131l\u0131\u011f\u0131 g\u00f6revine Say\u0131\u015ftay Savc\u0131s\u0131 Recep \u00c7evik getirildi.\u00a0<a href=\"https:\/\/www.dunya.com\/gundem\/sayistay-bassavciligina-recep-cevik-atandi-haberi-838812\" target=\"_blank\" class=\"feedzy-rss-link-icon\">Read More<\/a><\/p>","protected":false},"excerpt":{"rendered":"<p>Cumhurba\u015fkan\u0131 Recep Tayyip Erdo\u011fan\u2019\u0131n imzas\u0131yla yay\u0131mlanan atama karar\u0131na g\u00f6re, Say\u0131\u015ftay Ba\u015fsavc\u0131l\u0131\u011f\u0131 g\u00f6revine Say\u0131\u015ftay Savc\u0131s\u0131 Recep \u00c7evik getirildi.Cumhurba\u015fkan\u0131 Recep Tayyip Erdo\u011fan\u2019\u0131n imzas\u0131yla yay\u0131mlanan atama karar\u0131na g\u00f6re, Say\u0131\u015ftay Ba\u015fsavc\u0131l\u0131\u011f\u0131 g\u00f6revine Say\u0131\u015ftay Savc\u0131s\u0131 Recep \u00c7evik getirildi.\u00a0Read More<\/p>\n","protected":false},"author":1,"featured_media":42574,"comment_status":"open","ping_status":"open","sticky":false,"template":"","format":"standard","meta":{"footnotes":"","_links_to":"","_links_to_target":""},"categories":[1],"tags":[],"class_list":["post-42573","post","type-post","status-publish","format-standard","has-post-thumbnail","hentry","category-haberler"],"_links":{"self":[{"href":"https:\/\/www.abchukuk.com\/index.php\/wp-json\/wp\/v2\/posts\/42573","targetHints":{"allow":["GET"]}}],"collection":[{"href":"https:\/\/www.abchukuk.com\/index.php\/wp-json\/wp\/v2\/posts"}],"about":[{"href":"https:\/\/www.abchukuk.com\/index.php\/wp-json\/wp\/v2\/types\/post"}],"author":[{"embeddable":true,"href":"https:\/\/www.abchukuk.com\/index.php\/wp-json\/wp\/v2\/users\/1"}],"replies":[{"embeddable":true,"href":"https:\/\/www.abchukuk.com\/index.php\/wp-json\/wp\/v2\/comments?post=42573"}],"version-history":[{"count":0,"href":"https:\/\/www.abchukuk.com\/index.php\/wp-json\/wp\/v2\/posts\/42573\/revisions"}],"wp:featuredmedia":[{"embeddable":true,"href":"https:\/\/www.abchukuk.com\/index.php\/wp-json\/wp\/v2\/media\/42574"}],"wp:attachment":[{"href":"https:\/\/www.abchukuk.com\/index.php\/wp-json\/wp\/v2\/media?parent=42573"}],"wp:term":[{"taxonomy":"category","embeddable":true,"href":"https:\/\/www.abchukuk.com\/index.php\/wp-json\/wp\/v2\/categories?post=42573"},{"taxonomy":"post_tag","embeddable":true,"href":"https:\/\/www.abchukuk.com\/index.php\/wp-json\/wp\/v2\/tags?post=42573"}],"curies":[{"name":"wp","href":"https:\/\/api.w.org\/{rel}","templated":true}]}}