{"id":42568,"date":"2026-09-04T22:24:16","date_gmt":"2026-09-04T22:24:16","guid":{"rendered":"https:\/\/www.abchukuk.com\/index.php\/2026\/09\/04\/hskdan-yargi-cevrelerinde-kritik-degisiklik-cok-sayida-mahkeme-icin-yeni-karar\/"},"modified":"2026-09-04T22:24:16","modified_gmt":"2026-09-04T22:24:16","slug":"hskdan-yargi-cevrelerinde-kritik-degisiklik-cok-sayida-mahkeme-icin-yeni-karar","status":"publish","type":"post","link":"https:\/\/www.abchukuk.com\/index.php\/2026\/09\/04\/hskdan-yargi-cevrelerinde-kritik-degisiklik-cok-sayida-mahkeme-icin-yeni-karar\/","title":{"rendered":"HSK\u2019dan yarg\u0131 \u00e7evrelerinde kritik de\u011fi\u015fiklik! \u00c7ok say\u0131da mahkeme i\u00e7in yeni karar!"},"content":{"rendered":"<p>\u00a0<\/p>\n<p>SON.TV\/ANKARA<\/p>\n<p>H\u00e2kimler ve Savc\u0131lar Kurulu Genel Kurulunun 3 Eyl\u00fcl 2026 tarihli ve 1045 say\u0131l\u0131 karar\u0131, 5 Eyl\u00fcl 2026 tarihli Resm\u00ee Gazete\u2019de yay\u0131mland\u0131.<\/p>\n<p>Kararda, co\u011frafi durum ve i\u015f yo\u011funlu\u011fu dikkate al\u0131narak baz\u0131 adli yarg\u0131 ilk derece mahkemelerinin yarg\u0131 \u00e7evrelerinin yeniden belirlenmesine ili\u015fkin Adalet Bakanl\u0131\u011f\u0131 Personel Genel M\u00fcd\u00fcrl\u00fc\u011f\u00fcn\u00fcn tekliflerinin HSK Genel Kurulunda g\u00f6r\u00fc\u015f\u00fcld\u00fc\u011f\u00fc belirtildi.<\/p>\n<p>GAZ\u0130OSMANPA\u015eA \u00c7OCUK A\u011eIR CEZA MAHKEMES\u0130N\u0130N YARGI \u00c7EVRES\u0130 BEL\u0130RLEND\u0130<\/p>\n<p>Karara g\u00f6re Gaziosmanpa\u015fa \u00c7ocuk A\u011f\u0131r Ceza Mahkemesinin yarg\u0131 \u00e7evresi, Gaziosmanpa\u015fa A\u011f\u0131r Ceza Mahkemesinin yarg\u0131 \u00e7evresi olarak belirlendi.<\/p>\n<p>HSK ayn\u0131 kararla d\u00f6rt infaz h\u00e2kimli\u011finin yarg\u0131 \u00e7evresinde de d\u00fczenleme yapt\u0131.<\/p>\n<p>Sand\u0131kl\u0131 \u0130nfaz H\u00e2kimli\u011finin yarg\u0131 \u00e7evresi Sand\u0131kl\u0131 A\u011f\u0131r Ceza Mahkemesinin, Serik \u0130nfaz H\u00e2kimli\u011finin yarg\u0131 \u00e7evresi Serik A\u011f\u0131r Ceza Mahkemesinin, Su\u015fehri \u0130nfaz H\u00e2kimli\u011finin yarg\u0131 \u00e7evresi Su\u015fehri A\u011f\u0131r Ceza Mahkemesinin, Ortaca \u0130nfaz H\u00e2kimli\u011finin yarg\u0131 \u00e7evresi ise Ortaca A\u011f\u0131r Ceza Mahkemesinin yarg\u0131 \u00e7evresi olarak belirlendi.<\/p>\n<p>T\u0130CARET MAHKEMELER\u0130NDE YEN\u0130 YARGI \u00c7EVRELER\u0130<\/p>\n<p>\u00c7orum Asliye Ticaret Mahkemesinin yarg\u0131 \u00e7evresi \u00c7orum ilinin m\u00fclki s\u0131n\u0131rlar\u0131 olarak belirlendi.<\/p>\n<p>Hatay Asliye Ticaret Mahkemesinin yarg\u0131 \u00e7evresi ise Hatay, Alt\u0131n\u00f6z\u00fc, Samanda\u011f, Yaylada\u011f\u0131, Antakya, Defne, Reyhanl\u0131, Kumlu, K\u0131r\u0131khan ve Hassa il\u00e7elerini kapsayacak \u015fekilde d\u00fczenlendi.<\/p>\n<p>\u0130skenderun Asliye Ticaret Mahkemesinin yarg\u0131 \u00e7evresine \u0130skenderun, Arsuz, Belen, D\u00f6rtyol, Erzin ve Payas il\u00e7eleri dahil edildi.<\/p>\n<p>Nev\u015fehir Asliye Ticaret Mahkemesinin yarg\u0131 \u00e7evresi Nev\u015fehir ilinin, Van Asliye Ticaret Mahkemesinin yarg\u0131 \u00e7evresi ise Van ilinin m\u00fclki s\u0131n\u0131rlar\u0131 olarak belirlendi.<\/p>\n<p>\u0130\u015e MAHKEMELER\u0130 \u0130\u00c7\u0130N DE KARAR<\/p>\n<p>HSK Genel Kurulu, baz\u0131 i\u015f mahkemelerinin yarg\u0131 \u00e7evrelerini de yeniden belirledi.<\/p>\n<p>\u00c7ank\u0131r\u0131 \u0130\u015f Mahkemesinin yarg\u0131 \u00e7evresi \u00c7ank\u0131r\u0131 Asliye Hukuk Mahkemesinin yarg\u0131 \u00e7evresi olarak belirlendi.<\/p>\n<p>\u00c7ar\u015famba \u0130\u015f Mahkemesi, \u00c7ar\u015famba Asliye Hukuk Mahkemesi yarg\u0131 \u00e7evresinde g\u00f6rev yapacak.<\/p>\n<p>Gaziosmanpa\u015fa \u0130\u015f Mahkemesinin yarg\u0131 \u00e7evresi Gaziosmanpa\u015fa A\u011f\u0131r Ceza Mahkemesinin, Kilis \u0130\u015f Mahkemesinin yarg\u0131 \u00e7evresi ise Kilis A\u011f\u0131r Ceza Mahkemesinin yarg\u0131 \u00e7evresi oldu.<\/p>\n<p>NEV\u015eEH\u0130R T\u00dcKET\u0130C\u0130 MAHKEMES\u0130NDE D\u00dcZENLEME<\/p>\n<p>Nev\u015fehir T\u00fcketici Mahkemesinin yarg\u0131 \u00e7evresi Nev\u015fehir A\u011f\u0131r Ceza Mahkemesinin yarg\u0131 \u00e7evresi olarak belirlendi.<\/p>\n<p>Karar\u0131n bu b\u00f6l\u00fcm\u00fcnde yer alan d\u00fczenlemelerin 3 Eyl\u00fcl 2026 tarihinden itibaren uygulanmas\u0131na karar verildi.<\/p>\n<p>YEN\u0130 FAAL\u0130YETE GE\u00c7ECEK MAHKEMELER \u0130\u00c7\u0130N AYRI D\u00dcZENLEME<\/p>\n<p>HSK karar\u0131nda faaliyete ge\u00e7ecek baz\u0131 i\u015f ve t\u00fcketici mahkemelerinin yarg\u0131 \u00e7evreleri de tek tek belirlendi.<\/p>\n<p>Gemlik \u0130\u015f Mahkemesinin yarg\u0131 \u00e7evresi Gemlik A\u011f\u0131r Ceza Mahkemesinin yarg\u0131 \u00e7evresi olarak belirlendi.<\/p>\n<p>Kemalpa\u015fa \u0130\u015f Mahkemesinin yarg\u0131 \u00e7evresi Kemalpa\u015fa Asliye Hukuk Mahkemesinin, Torbal\u0131 \u0130\u015f Mahkemesinin yarg\u0131 \u00e7evresi ise Torbal\u0131 A\u011f\u0131r Ceza Mahkemesinin yarg\u0131 \u00e7evresi oldu.<\/p>\n<p>Gaziosmanpa\u015fa T\u00fcketici Mahkemesinin yarg\u0131 \u00e7evresi Gaziosmanpa\u015fa A\u011f\u0131r Ceza Mahkemesinin yarg\u0131 \u00e7evresi olarak belirlendi.<\/p>\n<p>Menemen T\u00fcketici Mahkemesi Menemen A\u011f\u0131r Ceza Mahkemesi, Torbal\u0131 T\u00fcketici Mahkemesi ise Torbal\u0131 A\u011f\u0131r Ceza Mahkemesi yarg\u0131 \u00e7evresinde g\u00f6rev yapacak.<\/p>\n<p>Bu d\u00fczenlemelerin ilgili mahkemelerin faaliyete ge\u00e7ti\u011fi tarihten itibaren uygulanaca\u011f\u0131 belirtildi.<\/p>\n<p>ECEABAT GEL\u0130BOLU ADL\u0130YES\u0130NE BA\u011eLANDI<\/p>\n<p>Karar\u0131n en dikkat \u00e7eken b\u00f6l\u00fcmlerinden biri \u00c7anakkale\u2019ye ili\u015fkin oldu.<\/p>\n<p>HSK Genel Kurulu, Eceabat il\u00e7esinin co\u011frafi durumu ile Gelibolu il\u00e7esine ula\u015f\u0131m imk\u00e2n\u0131n\u0131 g\u00f6z \u00f6n\u00fcne alarak Eceabat\u2019\u0131 \u00c7anakkale Adliyesi yarg\u0131 \u00e7evresinden \u00e7\u0131kard\u0131.<\/p>\n<p>Eceabat il\u00e7esi, Gelibolu Adliyesi yarg\u0131 \u00e7evresine ba\u011fland\u0131.<\/p>\n<p>Karar\u0131n bu b\u00f6l\u00fcm\u00fcn\u00fcn de 3 Eyl\u00fcl 2026 tarihinden itibaren uygulanmas\u0131na karar verildi.<\/p>\n<p>Eceabat\u2019a ili\u015fkin de\u011fi\u015fiklik, 4 Eyl\u00fcl\u2019de kamuoyuna yans\u0131yan a\u00e7\u0131klamalarda da do\u011fruland\u0131. Haberlere g\u00f6re Adalet Bakan\u0131 Ak\u0131n G\u00fcrlek de il\u00e7enin \u00c7anakkale Adliyesinden \u00e7\u0131kar\u0131larak Gelibolu Adliyesine ba\u011fland\u0131\u011f\u0131n\u0131 a\u00e7\u0131klad\u0131.<span class=\"Apple-converted-space\">\u00a0<\/span><\/p>\n<p>HSK\u2019NIN 1045 SAYILI KARARI RESM\u00ce GAZETE\u2019DE<\/p>\n<p>B\u00f6ylece HSK Genel Kurulu karar\u0131yla \u00e7ocuk a\u011f\u0131r ceza, infaz, ticaret, i\u015f ve t\u00fcketici mahkemelerini kapsayan \u00e7ok say\u0131da yarg\u0131 \u00e7evresi yeniden belirlenmi\u015f oldu.<\/p>\n<p>D\u00fczenlemelerin bir b\u00f6l\u00fcm\u00fc 3 Eyl\u00fcl 2026\u2019dan itibaren uygulanmaya ba\u015flan\u0131rken, Gemlik, Kemalpa\u015fa ve Torbal\u0131 \u0130\u015f Mahkemeleri ile Gaziosmanpa\u015fa, Menemen ve Torbal\u0131 T\u00fcketici Mahkemelerine ili\u015fkin yarg\u0131 \u00e7evresi kararlar\u0131 ise bu mahkemelerin faaliyete ge\u00e7ti\u011fi tarihten itibaren uygulanacak.<\/p>\n<p>ET\u0130KETLER: #HSK #Resm\u00eeGazete #Yarg\u0131\u00c7evresi #Eceabat #Gelibolu #Gaziosmanpa\u015fa #\u0130\u015fMahkemesi #T\u00fcketiciMahkemesi #TicaretMahkemesi #\u0130nfazH\u00e2kimli\u011fi<\/p>\n<p>H\u00e2kimler ve Savc\u0131lar Kurulu Genel Kurulu, baz\u0131 mahkemeler ile infaz h\u00e2kimliklerinin yarg\u0131 \u00e7evrelerini yeniden belirledi. 5 Eyl\u00fcl 2026 tarihli Resm\u00ee Gazete\u2019de yay\u0131mlanan kararla Gaziosmanpa\u015fa\u2019dan Hatay\u2019a, \u00c7orum\u2019dan Van\u2019a, \u00c7ank\u0131r\u0131\u2019dan Kilis\u2019e kadar \u00e7ok say\u0131da mahkemeyi ilgilendiren yeni yarg\u0131 \u00e7evreleri belirlendi. Eceabat il\u00e7esi ise \u00c7anakkale Adliyesi yarg\u0131 \u00e7evresinden \u00e7\u0131kar\u0131larak Gelibolu Adliyesine ba\u011fland\u0131.\u00a0<a href=\"https:\/\/www.son.tv\/hskdan-yargi-cevrelerinde-kritik-degisiklik-cok-sayida-mahkeme-icin-yeni-karar\/\" target=\"_blank\" class=\"feedzy-rss-link-icon\">Read More<\/a><\/p>","protected":false},"excerpt":{"rendered":"<p>\u00a0 SON.TV\/ANKARA H\u00e2kimler ve Savc\u0131lar Kurulu Genel Kurulunun 3 Eyl\u00fcl 2026 tarihli ve 1045 say\u0131l\u0131 karar\u0131, 5 Eyl\u00fcl 2026 tarihli Resm\u00ee Gazete\u2019de yay\u0131mland\u0131. Kararda, co\u011frafi durum ve i\u015f yo\u011funlu\u011fu dikkate al\u0131narak baz\u0131 adli yarg\u0131 ilk derece mahkemelerinin yarg\u0131 \u00e7evrelerinin yeniden belirlenmesine ili\u015fkin Adalet Bakanl\u0131\u011f\u0131 Personel Genel M\u00fcd\u00fcrl\u00fc\u011f\u00fcn\u00fcn tekliflerinin HSK Genel Kurulunda g\u00f6r\u00fc\u015f\u00fcld\u00fc\u011f\u00fc belirtildi. GAZ\u0130OSMANPA\u015eA \u00c7OCUK [&hellip;]<\/p>\n","protected":false},"author":1,"featured_media":0,"comment_status":"open","ping_status":"open","sticky":false,"template":"","format":"standard","meta":{"footnotes":"","_links_to":"","_links_to_target":""},"categories":[1],"tags":[],"class_list":["post-42568","post","type-post","status-publish","format-standard","hentry","category-haberler"],"_links":{"self":[{"href":"https:\/\/www.abchukuk.com\/index.php\/wp-json\/wp\/v2\/posts\/42568","targetHints":{"allow":["GET"]}}],"collection":[{"href":"https:\/\/www.abchukuk.com\/index.php\/wp-json\/wp\/v2\/posts"}],"about":[{"href":"https:\/\/www.abchukuk.com\/index.php\/wp-json\/wp\/v2\/types\/post"}],"author":[{"embeddable":true,"href":"https:\/\/www.abchukuk.com\/index.php\/wp-json\/wp\/v2\/users\/1"}],"replies":[{"embeddable":true,"href":"https:\/\/www.abchukuk.com\/index.php\/wp-json\/wp\/v2\/comments?post=42568"}],"version-history":[{"count":0,"href":"https:\/\/www.abchukuk.com\/index.php\/wp-json\/wp\/v2\/posts\/42568\/revisions"}],"wp:attachment":[{"href":"https:\/\/www.abchukuk.com\/index.php\/wp-json\/wp\/v2\/media?parent=42568"}],"wp:term":[{"taxonomy":"category","embeddable":true,"href":"https:\/\/www.abchukuk.com\/index.php\/wp-json\/wp\/v2\/categories?post=42568"},{"taxonomy":"post_tag","embeddable":true,"href":"https:\/\/www.abchukuk.com\/index.php\/wp-json\/wp\/v2\/tags?post=42568"}],"curies":[{"name":"wp","href":"https:\/\/api.w.org\/{rel}","templated":true}]}}