{"id":42567,"date":"2026-09-04T22:37:45","date_gmt":"2026-09-04T22:37:45","guid":{"rendered":"https:\/\/www.abchukuk.com\/index.php\/2026\/09\/04\/muftu-atamalari-resmi-gazetede\/"},"modified":"2026-09-04T22:37:45","modified_gmt":"2026-09-04T22:37:45","slug":"muftu-atamalari-resmi-gazetede","status":"publish","type":"post","link":"https:\/\/www.abchukuk.com\/index.php\/2026\/09\/04\/muftu-atamalari-resmi-gazetede\/","title":{"rendered":"M\u00fcft\u00fc atamalar\u0131 Resmi Gazete&#8217;de"},"content":{"rendered":"<p>Baz\u0131 bakanl\u0131k ve kamu kurumlar\u0131na ili\u015fkin atama ve g\u00f6revden alma kararlar\u0131 Resmi Gazete&#8217;de yay\u0131mland\u0131. Cumhurba\u015fkan\u0131 Erdo\u011fan&#8217;\u0131n imzas\u0131yla yay\u0131mlanan kararlara g\u00f6re bir\u00e7ok ilin m\u00fcft\u00fcs\u00fc de\u011fi\u015ftiBaz\u0131 bakanl\u0131k ve kamu kurumlar\u0131na ili\u015fkin atama ve g\u00f6revden alma kararlar\u0131 Resmi Gazete&#8217;de yay\u0131mland\u0131. Cumhurba\u015fkan\u0131 Erdo\u011fan&#8217;\u0131n imzas\u0131yla yay\u0131mlanan kararlara g\u00f6re bir\u00e7ok ilin m\u00fcft\u00fcs\u00fc de\u011fi\u015fti\u00a0<a href=\"https:\/\/www.haberturk.com\/gundem\/muftu-atamalari-resmi-gazete-de-3910393\" target=\"_blank\" class=\"feedzy-rss-link-icon\">Read More<\/a><\/p>","protected":false},"excerpt":{"rendered":"<p>Baz\u0131 bakanl\u0131k ve kamu kurumlar\u0131na ili\u015fkin atama ve g\u00f6revden alma kararlar\u0131 Resmi Gazete&#8217;de yay\u0131mland\u0131. Cumhurba\u015fkan\u0131 Erdo\u011fan&#8217;\u0131n imzas\u0131yla yay\u0131mlanan kararlara g\u00f6re bir\u00e7ok ilin m\u00fcft\u00fcs\u00fc de\u011fi\u015ftiBaz\u0131 bakanl\u0131k ve kamu kurumlar\u0131na ili\u015fkin atama ve g\u00f6revden alma kararlar\u0131 Resmi Gazete&#8217;de yay\u0131mland\u0131. Cumhurba\u015fkan\u0131 Erdo\u011fan&#8217;\u0131n imzas\u0131yla yay\u0131mlanan kararlara g\u00f6re bir\u00e7ok ilin m\u00fcft\u00fcs\u00fc de\u011fi\u015fti\u00a0Read More<\/p>\n","protected":false},"author":1,"featured_media":0,"comment_status":"open","ping_status":"open","sticky":false,"template":"","format":"standard","meta":{"footnotes":"","_links_to":"","_links_to_target":""},"categories":[1],"tags":[],"class_list":["post-42567","post","type-post","status-publish","format-standard","hentry","category-haberler"],"_links":{"self":[{"href":"https:\/\/www.abchukuk.com\/index.php\/wp-json\/wp\/v2\/posts\/42567","targetHints":{"allow":["GET"]}}],"collection":[{"href":"https:\/\/www.abchukuk.com\/index.php\/wp-json\/wp\/v2\/posts"}],"about":[{"href":"https:\/\/www.abchukuk.com\/index.php\/wp-json\/wp\/v2\/types\/post"}],"author":[{"embeddable":true,"href":"https:\/\/www.abchukuk.com\/index.php\/wp-json\/wp\/v2\/users\/1"}],"replies":[{"embeddable":true,"href":"https:\/\/www.abchukuk.com\/index.php\/wp-json\/wp\/v2\/comments?post=42567"}],"version-history":[{"count":0,"href":"https:\/\/www.abchukuk.com\/index.php\/wp-json\/wp\/v2\/posts\/42567\/revisions"}],"wp:attachment":[{"href":"https:\/\/www.abchukuk.com\/index.php\/wp-json\/wp\/v2\/media?parent=42567"}],"wp:term":[{"taxonomy":"category","embeddable":true,"href":"https:\/\/www.abchukuk.com\/index.php\/wp-json\/wp\/v2\/categories?post=42567"},{"taxonomy":"post_tag","embeddable":true,"href":"https:\/\/www.abchukuk.com\/index.php\/wp-json\/wp\/v2\/tags?post=42567"}],"curies":[{"name":"wp","href":"https:\/\/api.w.org\/{rel}","templated":true}]}}