{"id":42566,"date":"2026-09-04T22:51:02","date_gmt":"2026-09-04T22:51:02","guid":{"rendered":"https:\/\/www.abchukuk.com\/index.php\/2026\/09\/04\/atama-kararlari-resmi-gazetede-14\/"},"modified":"2026-09-04T22:51:02","modified_gmt":"2026-09-04T22:51:02","slug":"atama-kararlari-resmi-gazetede-14","status":"publish","type":"post","link":"https:\/\/www.abchukuk.com\/index.php\/2026\/09\/04\/atama-kararlari-resmi-gazetede-14\/","title":{"rendered":"Atama kararlar\u0131 Resmi Gazete&#8217;de!"},"content":{"rendered":"<p>5 Eyl\u00fcl 2026 tarihli Resm\u00ee Gazete\u2019de Cumhurba\u015fkan\u0131 Recep Tayyip Erdo\u011fan\u2019\u0131n imzas\u0131yla \u00e7ok say\u0131da atama ve g\u00f6revden alma karar\u0131 yay\u0131mland\u0131. Kararlarla Diyanet \u0130\u015fleri Ba\u015fkanl\u0131\u011f\u0131 ba\u015fta olmak \u00fczere \u00e7e\u015fitli bakanl\u0131klar ve kamu kurumlar\u0131nda \u00f6nemli g\u00f6rev de\u011fi\u015fiklikleri ger\u00e7ekle\u015ftirildi. Diyanet Akademisi Ba\u015fkan\u0131 Enver Osman Kaan g\u00f6revden al\u0131n\u0131rken bu g\u00f6reve Ahmet Bostanc\u0131 atand\u0131. \u00c7ok say\u0131da il m\u00fcft\u00fcs\u00fcn\u00fcn g\u00f6rev yeri de\u011fi\u015ftirilirken baz\u0131 il m\u00fcft\u00fcleri de g\u00f6revden al\u0131nd\u0131. K\u00fclt\u00fcr ve Turizm Bakanl\u0131\u011f\u0131 ile Aile ve Sosyal Hizmetler Bakanl\u0131\u011f\u0131 b\u00fcnyesinde de g\u00f6rev de\u011fi\u015fiklikleri yap\u0131ld\u0131. Peki Resm\u00ee Gazete atama kararlar\u0131 kapsam\u0131nda hangi isimler g\u00f6revden al\u0131nd\u0131, hangi g\u00f6revlere yeni atamalar yap\u0131ld\u0131? \u0130\u015fte 5 Eyl\u00fcl 2026 Resm\u00ee Gazete\u2019de yay\u0131mlanan atama ve g\u00f6revden alma kararlar\u0131n\u0131n ayr\u0131nt\u0131lar\u0131&#8230;5 Eyl\u00fcl 2026 tarihli Resm\u00ee Gazete\u2019de Cumhurba\u015fkan\u0131 Recep Tayyip Erdo\u011fan\u2019\u0131n imzas\u0131yla \u00e7ok say\u0131da atama ve g\u00f6revden alma karar\u0131 yay\u0131mland\u0131. Kararlarla Diyanet \u0130\u015fleri Ba\u015fkanl\u0131\u011f\u0131 ba\u015fta olmak \u00fczere \u00e7e\u015fitli bakanl\u0131klar ve kamu kurumlar\u0131nda \u00f6nemli g\u00f6rev de\u011fi\u015fiklikleri ger\u00e7ekle\u015ftirildi. Diyanet Akademisi Ba\u015fkan\u0131 Enver Osman Kaan g\u00f6revden al\u0131n\u0131rken bu g\u00f6reve Ahmet Bostanc\u0131 atand\u0131. \u00c7ok say\u0131da il m\u00fcft\u00fcs\u00fcn\u00fcn g\u00f6rev yeri de\u011fi\u015ftirilirken baz\u0131 il m\u00fcft\u00fcleri de g\u00f6revden al\u0131nd\u0131. K\u00fclt\u00fcr ve Turizm Bakanl\u0131\u011f\u0131 ile Aile ve Sosyal Hizmetler Bakanl\u0131\u011f\u0131 b\u00fcnyesinde de g\u00f6rev de\u011fi\u015fiklikleri yap\u0131ld\u0131. Peki Resm\u00ee Gazete atama kararlar\u0131 kapsam\u0131nda hangi isimler g\u00f6revden al\u0131nd\u0131, hangi g\u00f6revlere yeni atamalar yap\u0131ld\u0131? \u0130\u015fte 5 Eyl\u00fcl 2026 Resm\u00ee Gazete\u2019de yay\u0131mlanan atama ve g\u00f6revden alma kararlar\u0131n\u0131n ayr\u0131nt\u0131lar\u0131&#8230;\u00a0<a href=\"https:\/\/www.haberturk.com\/bilgi\/foto\/atama-kararlari-resmi-gazete-de-iste-5-eylul-cumartesi-resmi-gazete-kararlari-3910394\" target=\"_blank\" class=\"feedzy-rss-link-icon\">Read More<\/a><\/p>","protected":false},"excerpt":{"rendered":"<p>5 Eyl\u00fcl 2026 tarihli Resm\u00ee Gazete\u2019de Cumhurba\u015fkan\u0131 Recep Tayyip Erdo\u011fan\u2019\u0131n imzas\u0131yla \u00e7ok say\u0131da atama ve g\u00f6revden alma karar\u0131 yay\u0131mland\u0131. Kararlarla Diyanet \u0130\u015fleri Ba\u015fkanl\u0131\u011f\u0131 ba\u015fta olmak \u00fczere \u00e7e\u015fitli bakanl\u0131klar ve kamu kurumlar\u0131nda \u00f6nemli g\u00f6rev de\u011fi\u015fiklikleri ger\u00e7ekle\u015ftirildi. Diyanet Akademisi Ba\u015fkan\u0131 Enver Osman Kaan g\u00f6revden al\u0131n\u0131rken bu g\u00f6reve Ahmet Bostanc\u0131 atand\u0131. \u00c7ok say\u0131da il m\u00fcft\u00fcs\u00fcn\u00fcn g\u00f6rev yeri de\u011fi\u015ftirilirken [&hellip;]<\/p>\n","protected":false},"author":1,"featured_media":0,"comment_status":"open","ping_status":"open","sticky":false,"template":"","format":"standard","meta":{"footnotes":"","_links_to":"","_links_to_target":""},"categories":[1],"tags":[],"class_list":["post-42566","post","type-post","status-publish","format-standard","hentry","category-haberler"],"_links":{"self":[{"href":"https:\/\/www.abchukuk.com\/index.php\/wp-json\/wp\/v2\/posts\/42566","targetHints":{"allow":["GET"]}}],"collection":[{"href":"https:\/\/www.abchukuk.com\/index.php\/wp-json\/wp\/v2\/posts"}],"about":[{"href":"https:\/\/www.abchukuk.com\/index.php\/wp-json\/wp\/v2\/types\/post"}],"author":[{"embeddable":true,"href":"https:\/\/www.abchukuk.com\/index.php\/wp-json\/wp\/v2\/users\/1"}],"replies":[{"embeddable":true,"href":"https:\/\/www.abchukuk.com\/index.php\/wp-json\/wp\/v2\/comments?post=42566"}],"version-history":[{"count":0,"href":"https:\/\/www.abchukuk.com\/index.php\/wp-json\/wp\/v2\/posts\/42566\/revisions"}],"wp:attachment":[{"href":"https:\/\/www.abchukuk.com\/index.php\/wp-json\/wp\/v2\/media?parent=42566"}],"wp:term":[{"taxonomy":"category","embeddable":true,"href":"https:\/\/www.abchukuk.com\/index.php\/wp-json\/wp\/v2\/categories?post=42566"},{"taxonomy":"post_tag","embeddable":true,"href":"https:\/\/www.abchukuk.com\/index.php\/wp-json\/wp\/v2\/tags?post=42566"}],"curies":[{"name":"wp","href":"https:\/\/api.w.org\/{rel}","templated":true}]}}