{"id":42564,"date":"2026-09-04T19:15:15","date_gmt":"2026-09-04T19:15:15","guid":{"rendered":"https:\/\/www.abchukuk.com\/index.php\/2026\/09\/04\/melih-gokcekten-adliye-cikisinda-ilk-aciklama-500-sefer-sicradim\/"},"modified":"2026-09-04T19:15:15","modified_gmt":"2026-09-04T19:15:15","slug":"melih-gokcekten-adliye-cikisinda-ilk-aciklama-500-sefer-sicradim","status":"publish","type":"post","link":"https:\/\/www.abchukuk.com\/index.php\/2026\/09\/04\/melih-gokcekten-adliye-cikisinda-ilk-aciklama-500-sefer-sicradim\/","title":{"rendered":"Melih G\u00f6k\u00e7ek\u2019ten adliye \u00e7\u0131k\u0131\u015f\u0131nda ilk a\u00e7\u0131klama: 500 sefer s\u0131\u00e7rad\u0131m!"},"content":{"rendered":"<p>\u00a0<\/p>\n<p><strong>SON.TV\/ANKARA<\/strong><\/p>\n<p><strong>Ankara B\u00fcy\u00fck\u015fehir Belediye eski Ba\u015fkan\u0131 \u0130brahim Melih G\u00f6k\u00e7ek,<\/strong> y\u00fcr\u00fct\u00fclen soru\u015fturma kapsam\u0131nda <strong>Ankara Adliyes<\/strong>i\u2019ne gelerek savc\u0131l\u0131kta ifade verdi.<\/p>\n<p>\u0130\u015flemlerinin tamamlanmas\u0131n\u0131n ard\u0131ndan bas\u0131n mensuplar\u0131n\u0131n kar\u015f\u0131s\u0131na \u00e7\u0131kan <strong>G\u00f6k\u00e7ek<\/strong>, savc\u0131l\u0131k ifadesinin i\u00e7eri\u011fine ili\u015fkin ayr\u0131nt\u0131 vermeyece\u011fini s\u00f6yledi.<\/p>\n<p><strong>\u201c\u0130FADEN\u0130N G\u0130ZL\u0130L\u0130\u011e\u0130 VAR\u201d<\/strong><\/p>\n<p><strong>G\u00f6k\u00e7ek<\/strong>, kendisine y\u00f6neltilen sorular\u0131n i\u00e7eri\u011fini payla\u015fmayaca\u011f\u0131n\u0131 belirterek, \u201c<strong>Ben burada savc\u0131l\u0131\u011fa ifade verdim, bu ifadenin gizlili\u011fi var. \u2018\u015eunu s\u00f6yledim, bunu s\u00f6yledim\u2019 tarz\u0131nda bir \u015fey benden beklemeyin. Allah k\u0131smet ederse savc\u0131l\u0131\u011f\u0131n ara\u015ft\u0131rmas\u0131 ve soru\u015fturmas\u0131 bitecek, neticeyi alaca\u011f\u0131z. Ondan sonra televizyonlarda bol bol konu\u015faca\u011f\u0131z\u201d<\/strong> dedi.<\/p>\n<p>\u201c<strong>500 TANE SORU\u015eTURMA VE \u0130NCELEME GE\u00c7\u0130RD\u0130M\u201d<\/strong><\/p>\n<p>Belediye ba\u015fkanl\u0131\u011f\u0131 d\u00f6neminde hakk\u0131nda \u00e7ok say\u0131da inceleme yap\u0131ld\u0131\u011f\u0131n\u0131 s\u00f6yleyen <strong>G\u00f6k\u00e7ek<\/strong>, ilk kez 1994 y\u0131l\u0131nda <strong>Ankara B\u00fcy\u00fck\u015fehir Belediye Ba\u015fkan\u0131<\/strong> se\u00e7ildi\u011fini hat\u0131rlatt\u0131.<\/p>\n<p>G\u00f6rev s\u00fcrecini farkl\u0131 d\u00f6nemler halinde anlatan <strong>G\u00f6k\u00e7ek<\/strong>, ilk y\u0131llar\u0131nda yakla\u015f\u0131k 500 soru\u015fturma ve incelemeyle kar\u015f\u0131la\u015ft\u0131\u011f\u0131n\u0131 \u00f6ne s\u00fcrd\u00fc.<\/p>\n<p><strong>G\u00f6k\u00e7ek, \u201cYakla\u015f\u0131k 9 y\u0131l muhalefette belediye ba\u015fkanl\u0131\u011f\u0131 yapt\u0131m. Muhalefet beni didik didik etti. Tam 500 tane soru\u015fturma ve inceleme ge\u00e7irdim. Bunlar\u0131n hepsine ifade verdim\u201d<\/strong> ifadelerini kulland\u0131.<\/p>\n<p><strong>\u201cBEN 500 SEFER SI\u00c7RADIM\u201d<\/strong><\/p>\n<p>Ge\u00e7mi\u015f soru\u015fturmalar\u0131n sonu\u00e7lar\u0131na ili\u015fkin konu\u015fan <strong>G\u00f6k\u00e7ek, \u201cMe\u015fhur bir laf vard\u0131r; bir s\u0131\u00e7rar \u00e7ekirge, iki s\u0131\u00e7rar, \u00fc\u00e7te yakalan\u0131r. Ben 500 sefer s\u0131\u00e7rad\u0131m ve hepsinden istisnas\u0131z takipsizlik ald\u0131m. Beni yakalayamad\u0131lar. G\u00f6zalt\u0131na bile ald\u0131lar 98\u2019de\u201d<\/strong> dedi.<\/p>\n<p>\u201c<strong>EN AZ 100 SORU\u015eTURMA DAHA GE\u00c7\u0130RD\u0130M<\/strong>\u201d<\/p>\n<p><strong>Refah Partisi<\/strong> ve <strong>AK Parti<\/strong> iktidarlar\u0131 d\u00f6neminde de hakk\u0131nda incelemeler yap\u0131ld\u0131\u011f\u0131n\u0131 belirten <strong>G\u00f6k\u00e7ek<\/strong>, kesin rakam\u0131 hat\u0131rlamad\u0131\u011f\u0131n\u0131 ancak bu say\u0131n\u0131n en az 100 oldu\u011funu ileri s\u00fcrd\u00fc.<\/p>\n<p><strong>G\u00f6k\u00e7ek<\/strong>, s\u00f6z konusu dosyalara ili\u015fkin ifadelerin savc\u0131l\u0131k ve <strong>\u0130\u00e7i\u015fleri Bakanl\u0131\u011f\u0131<\/strong> kay\u0131tlar\u0131nda bulundu\u011funu s\u00f6yledi.<\/p>\n<p><strong>MANSUR YAVA\u015e\u2019A YANIT<\/strong><\/p>\n<p><strong>G\u00f6k\u00e7ek, Ankara B\u00fcy\u00fck\u015fehir Belediye Ba\u015fkan\u0131 Mansur Yava\u015f<\/strong> d\u00f6neminde hakk\u0131nda 100 soru\u015fturma a\u00e7\u0131ld\u0131\u011f\u0131 y\u00f6n\u00fcndeki a\u00e7\u0131klamalar\u0131n do\u011fru olmad\u0131\u011f\u0131n\u0131 savundu.<\/p>\n<p>Toplam 25 inceleme ve soru\u015fturma ge\u00e7irdi\u011fini belirten <strong>G\u00f6k\u00e7ek<\/strong>, bunlar\u0131n 21\u2019inin sonu\u00e7land\u0131\u011f\u0131n\u0131, 4 dosyan\u0131n sonucunun ise kendisine ula\u015fmad\u0131\u011f\u0131n\u0131 s\u00f6yledi.<\/p>\n<p><strong>G\u00f6k\u00e7ek<\/strong>, bu dosyalarda bilirki\u015fi raporlar\u0131 haz\u0131rland\u0131\u011f\u0131n\u0131 ve ifadelerinin al\u0131nd\u0131\u011f\u0131n\u0131 da kaydetti.<\/p>\n<p><strong>\u201c21 DOSYA BEN\u0130M LEH\u0130ME SONU\u00c7LANDI\u201d<\/strong><\/p>\n<p>Sonu\u00e7lanan 21 dosyaya yap\u0131lan itirazlar\u0131n da kendi lehine karara ba\u011fland\u0131\u011f\u0131n\u0131 savunan <strong>G\u00f6k\u00e7ek, \u201cBiten bu soru\u015fturmalar\u0131n hepsine itiraz edildi. Dan\u0131\u015ftay\u2019a, bir \u00fcst mahkemeye gittiler. 21 dosya da benim lehime onayland\u0131\u201d<\/strong> dedi.<\/p>\n<p><strong>O\u011eLU VE GEL\u0130N\u0130 DE \u0130FADEYE \u00c7A\u011eRILDI<\/strong><\/p>\n<p><strong>Ankara Cumhuriyet Ba\u015fsavc\u0131l\u0131\u011f\u0131, soru\u015fturma kapsam\u0131nda Melih G\u00f6k\u00e7ek\u2019in o\u011flu Ahmet G\u00f6k\u00e7ek ile gelini H\u00fclya G\u00f6k\u00e7ek\u2019in de \u201c\u015f\u00fcpheli\u201d s\u0131fat\u0131yla ifadeye \u00e7a\u011fr\u0131ld\u0131\u011f\u0131n\u0131 bildirdi.<\/strong><\/p>\n<p><strong>Ahmet G\u00f6k\u00e7ek ile H\u00fclya G\u00f6k\u00e7ek\u2019in 7 Eyl\u00fcl Pazartesi g\u00fcn\u00fc saat 14.00\u2019te savc\u0131l\u0131kta haz\u0131r bulunmalar\u0131 istendi.<\/strong><\/p>\n<p>Soru\u015fturmaya ili\u015fkin adli i\u015flemler s\u00fcr\u00fcyor.<\/p>\n<p><img fetchpriority=\"high\" decoding=\"async\" class=\"alignnone size-medium wp-image-197753\" src=\"https:\/\/www.son.tv\/wp-content\/uploads\/2026\/09\/IMG_8722-220x300.png\" alt=\"\" width=\"220\" height=\"300\" \/><\/p>\n<p><strong>ET\u0130KETLER: #MelihG\u00f6k\u00e7ek #Ankara #AnkaraAdliyesi #AnkaraCumhuriyetBa\u015fsavc\u0131l\u0131\u011f\u0131 #AhmetG\u00f6k\u00e7ek #H\u00fclyaG\u00f6k\u00e7ek #Soru\u015fturma<\/strong><\/p>\n<p>Ankara B\u00fcy\u00fck\u015fehir Belediye eski Ba\u015fkan\u0131 \u0130brahim Melih G\u00f6k\u00e7ek, Ankara Cumhuriyet Ba\u015fsavc\u0131l\u0131\u011f\u0131nca y\u00fcr\u00fct\u00fclen soru\u015fturma kapsam\u0131nda \u201c\u015f\u00fcpheli\u201d s\u0131fat\u0131yla ifade verdi. G\u00f6k\u00e7ek, adliye \u00e7\u0131k\u0131\u015f\u0131nda ge\u00e7mi\u015fte hakk\u0131nda y\u00fcr\u00fct\u00fclen inceleme ve soru\u015fturmalara ili\u015fkin, \u201cBen 500 sefer s\u0131\u00e7rad\u0131m ve hepsinden istisnas\u0131z takipsizlik ald\u0131m\u201d dedi.\u00a0<a href=\"https:\/\/www.son.tv\/melih-gokcekten-adliye-cikisinda-ilk-aciklama-500-sefer-sicradim\/\" target=\"_blank\" class=\"feedzy-rss-link-icon\">Read More<\/a><\/p>","protected":false},"excerpt":{"rendered":"<p>\u00a0 SON.TV\/ANKARA Ankara B\u00fcy\u00fck\u015fehir Belediye eski Ba\u015fkan\u0131 \u0130brahim Melih G\u00f6k\u00e7ek, y\u00fcr\u00fct\u00fclen soru\u015fturma kapsam\u0131nda Ankara Adliyesi\u2019ne gelerek savc\u0131l\u0131kta ifade verdi. \u0130\u015flemlerinin tamamlanmas\u0131n\u0131n ard\u0131ndan bas\u0131n mensuplar\u0131n\u0131n kar\u015f\u0131s\u0131na \u00e7\u0131kan G\u00f6k\u00e7ek, savc\u0131l\u0131k ifadesinin i\u00e7eri\u011fine ili\u015fkin ayr\u0131nt\u0131 vermeyece\u011fini s\u00f6yledi. \u201c\u0130FADEN\u0130N G\u0130ZL\u0130L\u0130\u011e\u0130 VAR\u201d G\u00f6k\u00e7ek, kendisine y\u00f6neltilen sorular\u0131n i\u00e7eri\u011fini payla\u015fmayaca\u011f\u0131n\u0131 belirterek, \u201cBen burada savc\u0131l\u0131\u011fa ifade verdim, bu ifadenin gizlili\u011fi var. \u2018\u015eunu s\u00f6yledim, [&hellip;]<\/p>\n","protected":false},"author":1,"featured_media":42565,"comment_status":"open","ping_status":"open","sticky":false,"template":"","format":"standard","meta":{"footnotes":"","_links_to":"","_links_to_target":""},"categories":[1],"tags":[],"class_list":["post-42564","post","type-post","status-publish","format-standard","has-post-thumbnail","hentry","category-haberler"],"_links":{"self":[{"href":"https:\/\/www.abchukuk.com\/index.php\/wp-json\/wp\/v2\/posts\/42564","targetHints":{"allow":["GET"]}}],"collection":[{"href":"https:\/\/www.abchukuk.com\/index.php\/wp-json\/wp\/v2\/posts"}],"about":[{"href":"https:\/\/www.abchukuk.com\/index.php\/wp-json\/wp\/v2\/types\/post"}],"author":[{"embeddable":true,"href":"https:\/\/www.abchukuk.com\/index.php\/wp-json\/wp\/v2\/users\/1"}],"replies":[{"embeddable":true,"href":"https:\/\/www.abchukuk.com\/index.php\/wp-json\/wp\/v2\/comments?post=42564"}],"version-history":[{"count":0,"href":"https:\/\/www.abchukuk.com\/index.php\/wp-json\/wp\/v2\/posts\/42564\/revisions"}],"wp:featuredmedia":[{"embeddable":true,"href":"https:\/\/www.abchukuk.com\/index.php\/wp-json\/wp\/v2\/media\/42565"}],"wp:attachment":[{"href":"https:\/\/www.abchukuk.com\/index.php\/wp-json\/wp\/v2\/media?parent=42564"}],"wp:term":[{"taxonomy":"category","embeddable":true,"href":"https:\/\/www.abchukuk.com\/index.php\/wp-json\/wp\/v2\/categories?post=42564"},{"taxonomy":"post_tag","embeddable":true,"href":"https:\/\/www.abchukuk.com\/index.php\/wp-json\/wp\/v2\/tags?post=42564"}],"curies":[{"name":"wp","href":"https:\/\/api.w.org\/{rel}","templated":true}]}}