{"id":42563,"date":"2026-09-04T19:51:50","date_gmt":"2026-09-04T19:51:50","guid":{"rendered":"https:\/\/www.abchukuk.com\/index.php\/2026\/09\/04\/deniz-goktas-hakkinda-3-suctan-iddianame-kabul-edildi-ilk-durusma-28-eylulde-yapilacak\/"},"modified":"2026-09-04T19:51:50","modified_gmt":"2026-09-04T19:51:50","slug":"deniz-goktas-hakkinda-3-suctan-iddianame-kabul-edildi-ilk-durusma-28-eylulde-yapilacak","status":"publish","type":"post","link":"https:\/\/www.abchukuk.com\/index.php\/2026\/09\/04\/deniz-goktas-hakkinda-3-suctan-iddianame-kabul-edildi-ilk-durusma-28-eylulde-yapilacak\/","title":{"rendered":"Deniz G\u00f6kta\u015f hakk\u0131nda 3 su\u00e7tan iddianame kabul edildi: \u0130lk duru\u015fma 28 Eyl\u00fcl\u2019de yap\u0131lacak!"},"content":{"rendered":"<p>\u00a0<\/p>\n<p><strong>SON.TV\/\u0130STANBUL<\/strong><\/p>\n<p><strong>\u0130stanbul Cumhuriyet Ba\u015fsavc\u0131l\u0131\u011f\u0131 Bas\u0131n Su\u00e7lar\u0131 Soru\u015fturma B\u00fcrosu<\/strong>nca komedyen <strong>\u0130mran Deniz G\u00f6kta\u015f<\/strong> hakk\u0131nda y\u00fcr\u00fct\u00fclen soru\u015fturmada yeni a\u015famaya ge\u00e7ildi.<\/p>\n<p>G\u00f6kta\u015f\u2019\u0131n \u201c<strong>\u00d6l\u00fc Deniz\u201d<\/strong> isimli g\u00f6sterisinde kulland\u0131\u011f\u0131 s\u00f6zler nedeniyle \u00fc\u00e7 ayr\u0131 su\u00e7tan haz\u0131rlanan iddianame <strong>\u0130stanbul 14. Asliye Ceza Mahkemesi<\/strong>ne g\u00f6nderildi.<\/p>\n<p>Mahkeme iddianameyi kabul ederek dosyay\u0131 2026\/473 Esas s\u0131ras\u0131na kaydetti. <strong>G\u00f6kta\u015f\u2019<\/strong>\u0131n tutukluluk halinin devam\u0131na karar verilirken ilk duru\u015fman\u0131n 28 Eyl\u00fcl 2026 tarihinde yap\u0131lmas\u0131na h\u00fckmedildi.<\/p>\n<p><strong>\u201c\u00d6L\u00dc DEN\u0130Z\u201d G\u00d6STER\u0130S\u0130NDEK\u0130 S\u00d6ZLER DOSYAYA G\u0130RD\u0130<\/strong><\/p>\n<p>Soru\u015fturman\u0131n, G\u00f6kta\u015f\u2019\u0131n <strong>Harbiye Cemil Topuzlu A\u00e7\u0131k Hava Tiyatrosu<\/strong>\u2019nda sahneledi\u011fi ve metnini kendisinin yazd\u0131\u011f\u0131 \u201c\u00d6l\u00fc Deniz\u201d isimli g\u00f6sterinin 24 Haziran 2026 tarihinde YouTube hesab\u0131nda yay\u0131mlanmas\u0131n\u0131n ard\u0131ndan ba\u015flat\u0131ld\u0131\u011f\u0131 belirtildi.<\/p>\n<p>Ba\u015fsavc\u0131l\u0131k taraf\u0131ndan haz\u0131rlanan iddianamede <strong>G\u00f6kta\u015f<\/strong>\u2019\u0131n g\u00f6steride sarf etti\u011fi s\u00f6zler ayr\u0131 ayr\u0131 de\u011ferlendirmeye al\u0131nd\u0131.<\/p>\n<p><strong>G\u00f6kta\u015f<\/strong> hakk\u0131nda TCK 299 kapsam\u0131nda \u201c<strong>Cumhurba\u015fkan\u0131na hakaret\u201d,<\/strong> TCK 216 kapsam\u0131nda \u201c<strong>halk\u0131 kin ve d\u00fc\u015fmanl\u0131\u011fa alenen tahrik etme\u201d<\/strong> ve TCK 215 kapsam\u0131nda \u201c<strong>su\u00e7u ve su\u00e7luyu \u00f6vme\u201d<\/strong> su\u00e7lamalar\u0131 y\u00f6neltildi.<\/p>\n<p><strong>500\u2019\u00dc A\u015eKIN C\u0130MER BA\u015eVURUSU DOSYADA<\/strong><\/p>\n<p>\u0130ddianamede g\u00f6sterinin yay\u0131mlanmas\u0131n\u0131n ard\u0131ndan <strong>C\u0130MER<\/strong>\u2019e yap\u0131lan 500\u2019\u00fc a\u015fk\u0131n ba\u015fvuru ile farkl\u0131 illerde yap\u0131lan \u015fik\u00e2yetlerin <strong>\u0130stanbul Cumhuriyet Ba\u015fsavc\u0131l\u0131\u011f\u0131<\/strong>ndaki ana soru\u015fturma dosyas\u0131nda birle\u015ftirildi\u011fi belirtildi.<\/p>\n<p>Soru\u015fturma kapsam\u0131nda g\u00f6sterinin g\u00f6r\u00fcnt\u00fcleri \u00e7\u00f6z\u00fcmlendi. <strong>G\u00f6kta\u015f<\/strong>\u2019\u0131n cep telefonu \u00fczerinde de bilirki\u015fi incelemesi ger\u00e7ekle\u015ftirildi.<\/p>\n<p><strong>\u0130FADE \u00d6ZG\u00dcRL\u00dc\u011e\u00dcNE \u0130L\u0130\u015eK\u0130N KARARLAR \u0130NCELEND\u0130<\/strong><\/p>\n<p>\u0130ddianamede ifade \u00f6zg\u00fcrl\u00fc\u011f\u00fcn\u00fcn kapsam\u0131na ili\u015fkin <strong>Anayasa Mahkemesi<\/strong> kararlar\u0131 ile yarg\u0131sal i\u00e7tihatlara da yer verildi.<\/p>\n<p>\u0130fade \u00f6zg\u00fcrl\u00fc\u011f\u00fcn\u00fcn yaln\u0131zca toplum taraf\u0131ndan benimsenen d\u00fc\u015f\u00fcnceleri de\u011fil, incitici, sars\u0131c\u0131 veya endi\u015felendirici g\u00f6r\u00fc\u015fleri de kapsad\u0131\u011f\u0131, ele\u015ftirinin belirli \u00f6l\u00e7\u00fcde abart\u0131l\u0131 ve k\u0131\u015fk\u0131rt\u0131c\u0131 olabilece\u011fi de\u011ferlendirmelerine yer verildi.<\/p>\n<p>Savc\u0131l\u0131k bununla birlikte hakaret, nefret, ayr\u0131mc\u0131l\u0131k, d\u00fc\u015fmanl\u0131k ve \u015fiddet do\u011furmaya elveri\u015fli oldu\u011fu de\u011ferlendirilen ifadelerin hukuki koruman\u0131n d\u0131\u015f\u0131nda kalabilece\u011fini belirtti.<\/p>\n<p><strong>CUMHURBA\u015eKANI ERDO\u011eAN\u2019A Y\u00d6NEL\u0130K S\u00d6ZLER \u0130DD\u0130ANAMEDE<\/strong><\/p>\n<p>\u0130ddianamedeki su\u00e7lama ba\u015fl\u0131klar\u0131ndan biri <strong>Cumhurba\u015fkan\u0131 Recep Tayyip Erdo\u011fan<\/strong>\u2019a y\u00f6nelik ifadeler oldu.<\/p>\n<p><strong>Savc\u0131l\u0131k<\/strong>, <strong>G\u00f6kta\u015f<\/strong>\u2019\u0131n g\u00f6sterisinde Cumhurba\u015fkan\u0131 Erdo\u011fan hakk\u0131nda kulland\u0131\u011f\u0131 baz\u0131 s\u00f6zlerin ele\u015ftiri s\u0131n\u0131rlar\u0131n\u0131 a\u015ft\u0131\u011f\u0131 ve \u015feref, onur ile sayg\u0131nl\u0131\u011f\u0131n\u0131 rencide edici nitelik ta\u015f\u0131d\u0131\u011f\u0131 de\u011ferlendirmesinde bulundu.<\/p>\n<p><strong>G\u00f6kta\u015f<\/strong>\u2019\u0131n soru\u015fturma a\u015famas\u0131nda g\u00f6sterinin metnini kendisinin yazd\u0131\u011f\u0131n\u0131 ve videoyu kendi <strong>YouTube<\/strong> hesab\u0131ndan yay\u0131mlad\u0131\u011f\u0131n\u0131 kabul etti\u011fi iddianamede belirtildi.<\/p>\n<p>Bu su\u00e7lama y\u00f6n\u00fcnden kovu\u015fturma izninin <strong>Adalet<\/strong> <strong>Bakanl\u0131\u011f\u0131 Ceza \u0130\u015fleri Genel M\u00fcd\u00fcrl\u00fc\u011f\u00fc<\/strong>n\u00fcn 13 A\u011fustos 2026 tarihli \u201c<strong>Olur<\/strong>\u201d yaz\u0131s\u0131yla verildi\u011fi kaydedildi.<\/p>\n<p><strong>ORU\u00c7 TUTANLARA \u0130L\u0130\u015eK\u0130N S\u00d6ZLER SU\u00c7LAMA KONUSU<\/strong><\/p>\n<p>\u0130ddianamenin bir di\u011fer b\u00f6l\u00fcm\u00fcnde <strong>G\u00f6kta\u015f\u2019<\/strong>\u0131n dini inan\u00e7 ve ibadetlere ili\u015fkin kulland\u0131\u011f\u0131 ifadeler ele al\u0131nd\u0131.<\/p>\n<p>G\u00f6steride oru\u00e7 tutan ki\u015filer hakk\u0131nda kullan\u0131lan \u201c<strong>canl\u0131<\/strong> <strong>bomba\u201d<\/strong> benzetmesi dosyaya girdi.<\/p>\n<p>Savc\u0131l\u0131k, s\u00f6z konusu ifadelerin \u0130slam dininin ibadetlerinden orucu yerine getiren ki\u015filer \u00fczerinden toplumun bir kesimini hedef ald\u0131\u011f\u0131 de\u011ferlendirmesinde bulundu.<\/p>\n<p><strong>KUR\u2019AN-I KER\u0130M\u2019E \u0130L\u0130\u015eK\u0130N \u0130FADELER DE DOSYADA<\/strong><\/p>\n<p><strong>G\u00f6kta\u015f<\/strong>\u2019\u0131n kutsal kitaplara ili\u015fkin g\u00f6steri b\u00f6l\u00fcm\u00fcnde kulland\u0131\u011f\u0131 baz\u0131 s\u00f6zler de iddianamede de\u011ferlendirildi.<\/p>\n<p>Savc\u0131l\u0131k, <strong>Kur\u2019an-\u0131 Kerim<\/strong>\u2019e ili\u015fkin kullan\u0131lan ifadelerin toplumun dini inan\u00e7lar\u0131 bak\u0131m\u0131ndan farkl\u0131 kesimleri aras\u0131nda kin ve d\u00fc\u015fmanl\u0131k olu\u015fturmaya elveri\u015fli oldu\u011fu iddias\u0131nda bulundu.<\/p>\n<p><strong>HA\u015eEMALI KADINLARA \u201cDALGI\u00c7\u201d BENZETMES\u0130<\/strong><\/p>\n<p>\u0130ddianamede denize kapal\u0131 k\u0131yafetle giren kad\u0131nlara ili\u015fkin g\u00f6steri b\u00f6l\u00fcm\u00fc de yer ald\u0131.<\/p>\n<p><strong>G\u00f6kta\u015f<\/strong>\u2019\u0131n bu ki\u015fileri \u201c<strong>dalg\u0131\u00e7<\/strong>\u201d olarak nitelendirdi\u011fi belirtilirken, \u015f\u00fcphelinin ifadesinde bu s\u00f6zle denize ha\u015fema ile giren kad\u0131nlar\u0131 kastetti\u011fini kabul etti\u011fi kaydedildi.<\/p>\n<p>Savc\u0131l\u0131k, s\u00f6zlerin dini inan\u00e7lar\u0131 gere\u011fi kapal\u0131 k\u0131yafetle denize giren kad\u0131nlar\u0131 hedef ald\u0131\u011f\u0131 de\u011ferlendirmesinde bulundu.<\/p>\n<p><strong>SAVCILIK \u201cTOPLUMSAL BARI\u015eI ZEDELEY\u0130C\u0130\u201d DE\u011eERLEND\u0130RMES\u0130 YAPTI<\/strong><\/p>\n<p>Ba\u015fsavc\u0131l\u0131k, g\u00f6steride kullan\u0131lan ifadeleri ayr\u0131 ayr\u0131 ve bir b\u00fct\u00fcn olarak de\u011ferlendirdi.<\/p>\n<p>\u0130ddianamede s\u00f6z konusu ifadelerin \u201c<strong>toplumsal bar\u0131\u015f\u0131 zedeleyici, ayr\u0131\u015ft\u0131r\u0131c\u0131 ve kutupla\u015ft\u0131r\u0131c\u0131\u201d<\/strong> nitelikte oldu\u011fu de\u011ferlendirmesine yer verildi.<\/p>\n<p>Savc\u0131l\u0131k, <strong>C\u0130MER<\/strong> ba\u015fvurular\u0131 ve \u015fik\u00e2yetleri de dikkate alarak s\u00f6zlerin kamu g\u00fcvenli\u011fi a\u00e7\u0131s\u0131ndan a\u00e7\u0131k ve yak\u0131n tehlike olu\u015fturmaya elveri\u015fli oldu\u011funu ileri s\u00fcrd\u00fc.<\/p>\n<p>Bu kapsamda <strong>G\u00f6kta\u015f\u2019<\/strong>\u0131n TCK 216 ve 218 h\u00fck\u00fcmleri uyar\u0131nca cezaland\u0131r\u0131lmas\u0131 talep edildi.<\/p>\n<p>\u201c<strong>DALTONLAR\u201d \u00dcZER\u0130NDEN YAPILAN \u015eAKA DA \u0130DD\u0130ANAMEDE<\/strong><\/p>\n<p>\u00dc\u00e7\u00fcnc\u00fc su\u00e7lama ba\u015fl\u0131\u011f\u0131nda ise kamuoyunda \u201c<strong>Daltonlar<\/strong>\u201d olarak bilinen su\u00e7 grubuna ili\u015fkin g\u00f6steri b\u00f6l\u00fcm\u00fc yer ald\u0131.<\/p>\n<p><strong>G\u00f6kta\u015f\u2019<\/strong>\u0131n sahnede bir rakip komedyeni \u00f6ld\u00fcrtmek amac\u0131yla tetik\u00e7i tutulmas\u0131na ili\u015fkin kurgu anlat\u0131m\u0131nda <strong>Telegram, Daltonlar ve Bitcoin<\/strong> \u00fczerinden \u00f6deme ifadelerini kulland\u0131\u011f\u0131 belirtildi.<\/p>\n<p>Savc\u0131l\u0131k, bu anlat\u0131mda su\u00e7 grubunun tetik\u00e7ilik faaliyetlerinin kolay ula\u015f\u0131labilir ve sistematik bir hizmet gibi sunuldu\u011funu de\u011ferlendirdi.<\/p>\n<p>S\u00f6z konusu b\u00f6l\u00fcm\u00fcn su\u00e7 grubunun eylemlerini \u00f6v\u00fcc\u00fc ve me\u015frula\u015ft\u0131r\u0131c\u0131 nitelikte oldu\u011fu ileri s\u00fcr\u00fclerek <strong>G\u00f6kta\u015f\u2019<\/strong>\u0131n TCK 215 kapsam\u0131nda \u201c<strong>su\u00e7u ve su\u00e7luyu \u00f6vme\u201d<\/strong> su\u00e7undan da cezaland\u0131r\u0131lmas\u0131 talep edildi.<\/p>\n<p><strong>TAHL\u0130YE KARARININ ARDINDAN YEN\u0130DEN TUTUKLANDI<\/strong><\/p>\n<p><strong>G\u00f6kta\u015f<\/strong> hakk\u0131ndaki tutuklama s\u00fcrecinde de birden fazla karar verildi.<\/p>\n<p><strong>G\u00f6kta\u015f, 2 Temmuz 2026 tarihinde g\u00f6zalt\u0131na al\u0131nd\u0131. \u0130stanbul 4. Sulh Ceza H\u00e2kimli\u011fi taraf\u0131ndan 3 Temmuz\u2019da halk\u0131 kin ve d\u00fc\u015fmanl\u0131\u011fa tahrik ile Cumhurba\u015fkan\u0131na hakaret su\u00e7lamalar\u0131 y\u00f6n\u00fcnden tutukland\u0131.<\/strong><\/p>\n<p>Daha sonra \u201c<strong>su\u00e7u ve su\u00e7luyu \u00f6vme\u201d<\/strong> su\u00e7lamas\u0131 y\u00f6n\u00fcnden de <strong>28 A\u011fustos 2026<\/strong> tarihinde tutuklama karar\u0131 verildi.<\/p>\n<p>Dosyadaki s\u00fcre\u00e7te <strong>Asliye Ceza Mahkemesi<\/strong>nce verilen tahliye karar\u0131n\u0131n ard\u0131ndan yap\u0131lan itiraz \u00fczerine <strong>\u0130stanbul 28. A\u011f\u0131r Ceza Mahkemesi 31 A\u011fustos 2026<\/strong> tarihinde, Cumhurba\u015fkan\u0131na hakaret ve halk\u0131 kin ve d\u00fc\u015fmanl\u0131\u011fa tahrik su\u00e7lamalar\u0131 y\u00f6n\u00fcnden yeniden tutuklama karar\u0131 verdi.<\/p>\n<p><strong>3 AYRI SU\u00c7TAN CEZALANDIRILMASI \u0130STEND\u0130<\/strong><\/p>\n<p><strong>\u0130stanbul Cumhuriyet Ba\u015fsavc\u0131l\u0131\u011f\u0131,<\/strong> iddianamenin sonu\u00e7 b\u00f6l\u00fcm\u00fcnde <strong>G\u00f6kta\u015f\u2019<\/strong>\u0131n \u201c<strong>Cumhurba\u015fkan\u0131na hakaret\u201d, \u201cbas\u0131n ve yay\u0131n yoluyla halk\u0131 kin ve d\u00fc\u015fmanl\u0131\u011fa alenen tahrik etme\u201d<\/strong> ile \u201c<strong>bas\u0131n ve yay\u0131n yoluyla su\u00e7u ve su\u00e7luyu \u00f6vme\u201d<\/strong> su\u00e7lar\u0131ndan ayr\u0131 ayr\u0131 cezaland\u0131r\u0131lmas\u0131n\u0131 talep etti.<\/p>\n<p>Savc\u0131l\u0131k ayr\u0131ca TCK 53 kapsam\u0131nda belirli haklar\u0131 kullanmaktan yoksun b\u0131rak\u0131lmas\u0131n\u0131 ve g\u00f6zalt\u0131 ile tutuklulukta ge\u00e7en s\u00fcrenin verilebilecek cezadan mahsup edilmesini istedi.<\/p>\n<p>El konulan cep telefonunun karar kesinle\u015ftikten sonra G\u00f6kta\u015f\u2019a iadesi, telefondan elde edilen dijital imaj\u0131n ise delil olarak dosyada saklanmas\u0131 talep edildi.<\/p>\n<p><strong>\u0130DD\u0130ANAME KABUL ED\u0130LD\u0130: 28 EYL\u00dcL\u2019DE H\u00c2K\u0130M KAR\u015eISINA \u00c7IKACAK<\/strong><\/p>\n<p>Soru\u015fturman\u0131n tamamlanmas\u0131n\u0131n ard\u0131ndan haz\u0131rlanan iddianame <strong>\u0130stanbul 14. Asliye Ceza Mahkemes<\/strong>ine g\u00f6nderildi.<\/p>\n<p>Mahkeme iddianameyi kabul ederek <strong>G\u00f6kta\u015f<\/strong> hakk\u0131nda kovu\u015fturma a\u015famas\u0131n\u0131 ba\u015flatt\u0131. Dosya 2026\/473 Esas s\u0131ras\u0131na kaydedilirken san\u0131\u011f\u0131n tutukluluk halinin devam\u0131na karar verildi.<\/p>\n<p><strong>\u0130mran Deniz G\u00f6kta\u015f\u2019\u0131n ilk duru\u015fmas\u0131 28 Eyl\u00fcl 2026 tarihinde \u0130stanbul 14. Asliye Ceza Mahkemesinde g\u00f6r\u00fclecek.<\/strong><\/p>\n<p><strong>ET\u0130KETLER: #DenizG\u00f6kta\u015f #\u0130mranDenizG\u00f6kta\u015f #\u00d6l\u00fcDeniz #\u0130stanbulCumhuriyetBa\u015fsavc\u0131l\u0131\u011f\u0131 #\u0130ddianame #\u0130stanbul14AsliyeCezaMahkemesi #Cumhurba\u015fkan\u0131naHakaret #Halk\u0131KinVeD\u00fc\u015fmanl\u0131\u011faTahrik #Su\u00e7uVeSu\u00e7luyu\u00d6vme<\/strong><\/p>\n<p>Komedyen \u0130mran Deniz G\u00f6kta\u015f\u2019\u0131n YouTube hesab\u0131nda yay\u0131mlanan \u201c\u00d6l\u00fc Deniz\u201d isimli g\u00f6sterisinde kulland\u0131\u011f\u0131 s\u00f6zlere ili\u015fkin y\u00fcr\u00fct\u00fclen soru\u015fturma tamamland\u0131. \u201cCumhurba\u015fkan\u0131na hakaret\u201d, \u201chalk\u0131 kin ve d\u00fc\u015fmanl\u0131\u011fa alenen tahrik etme\u201d ve \u201csu\u00e7u ve su\u00e7luyu \u00f6vme\u201d su\u00e7lamalar\u0131yla haz\u0131rlanan iddianame \u0130stanbul 14. Asliye Ceza Mahkemesi taraf\u0131ndan kabul edildi. Tutuklu G\u00f6kta\u015f\u2019\u0131n ilk duru\u015fmas\u0131 28 Eyl\u00fcl 2026 tarihinde g\u00f6r\u00fclecek.\u00a0<a href=\"https:\/\/www.son.tv\/deniz-goktas-hakkinda-3-suctan-iddianame-kabul-edildi-ilk-durusma-28-eylulde-yapilacak\/\" target=\"_blank\" class=\"feedzy-rss-link-icon\">Read More<\/a><\/p>","protected":false},"excerpt":{"rendered":"<p>\u00a0 SON.TV\/\u0130STANBUL \u0130stanbul Cumhuriyet Ba\u015fsavc\u0131l\u0131\u011f\u0131 Bas\u0131n Su\u00e7lar\u0131 Soru\u015fturma B\u00fcrosunca komedyen \u0130mran Deniz G\u00f6kta\u015f hakk\u0131nda y\u00fcr\u00fct\u00fclen soru\u015fturmada yeni a\u015famaya ge\u00e7ildi. G\u00f6kta\u015f\u2019\u0131n \u201c\u00d6l\u00fc Deniz\u201d isimli g\u00f6sterisinde kulland\u0131\u011f\u0131 s\u00f6zler nedeniyle \u00fc\u00e7 ayr\u0131 su\u00e7tan haz\u0131rlanan iddianame \u0130stanbul 14. Asliye Ceza Mahkemesine g\u00f6nderildi. Mahkeme iddianameyi kabul ederek dosyay\u0131 2026\/473 Esas s\u0131ras\u0131na kaydetti. G\u00f6kta\u015f\u2019\u0131n tutukluluk halinin devam\u0131na karar verilirken ilk duru\u015fman\u0131n [&hellip;]<\/p>\n","protected":false},"author":1,"featured_media":0,"comment_status":"open","ping_status":"open","sticky":false,"template":"","format":"standard","meta":{"footnotes":"","_links_to":"","_links_to_target":""},"categories":[1],"tags":[],"class_list":["post-42563","post","type-post","status-publish","format-standard","hentry","category-haberler"],"_links":{"self":[{"href":"https:\/\/www.abchukuk.com\/index.php\/wp-json\/wp\/v2\/posts\/42563","targetHints":{"allow":["GET"]}}],"collection":[{"href":"https:\/\/www.abchukuk.com\/index.php\/wp-json\/wp\/v2\/posts"}],"about":[{"href":"https:\/\/www.abchukuk.com\/index.php\/wp-json\/wp\/v2\/types\/post"}],"author":[{"embeddable":true,"href":"https:\/\/www.abchukuk.com\/index.php\/wp-json\/wp\/v2\/users\/1"}],"replies":[{"embeddable":true,"href":"https:\/\/www.abchukuk.com\/index.php\/wp-json\/wp\/v2\/comments?post=42563"}],"version-history":[{"count":0,"href":"https:\/\/www.abchukuk.com\/index.php\/wp-json\/wp\/v2\/posts\/42563\/revisions"}],"wp:attachment":[{"href":"https:\/\/www.abchukuk.com\/index.php\/wp-json\/wp\/v2\/media?parent=42563"}],"wp:term":[{"taxonomy":"category","embeddable":true,"href":"https:\/\/www.abchukuk.com\/index.php\/wp-json\/wp\/v2\/categories?post=42563"},{"taxonomy":"post_tag","embeddable":true,"href":"https:\/\/www.abchukuk.com\/index.php\/wp-json\/wp\/v2\/tags?post=42563"}],"curies":[{"name":"wp","href":"https:\/\/api.w.org\/{rel}","templated":true}]}}