{"id":42560,"date":"2026-09-04T17:36:00","date_gmt":"2026-09-04T17:36:00","guid":{"rendered":"https:\/\/www.abchukuk.com\/index.php\/2026\/09\/04\/mahkeme-karariyla-akpye-gecmisti-yuregir-belediyesine-atanan-akpli-ozunaldan-aciklama-makamlar-gecicidir\/"},"modified":"2026-09-04T17:36:00","modified_gmt":"2026-09-04T17:36:00","slug":"mahkeme-karariyla-akpye-gecmisti-yuregir-belediyesine-atanan-akpli-ozunaldan-aciklama-makamlar-gecicidir","status":"publish","type":"post","link":"https:\/\/www.abchukuk.com\/index.php\/2026\/09\/04\/mahkeme-karariyla-akpye-gecmisti-yuregir-belediyesine-atanan-akpli-ozunaldan-aciklama-makamlar-gecicidir\/","title":{"rendered":"Mahkeme karar\u0131yla AKP\u2019ye ge\u00e7mi\u015fti\u2026 Y\u00fcre\u011fir Belediyesi\u2019ne atanan AKP&#8217;li \u00d6z\u00fcnal\u2019dan a\u00e7\u0131klama: \u2018Makamlar ge\u00e7icidir\u2019"},"content":{"rendered":"<p>CHP\u2019li Y\u00fcre\u011fir Belediye Ba\u015fkan\u0131 Ali Demir\u00e7al\u0131\u2019n\u0131n yerine iki kez se\u00e7ilen Cafer Poyraz\u2019\u0131n ba\u015fkanvekilli\u011fi, yap\u0131lan itiraz \u00fczerine mahkeme karar\u0131yla iptal edildi. Se\u00e7im iradesine y\u00f6nelik m\u00fcdahale tart\u0131\u015fmalar\u0131 s\u00fcrerken, Y\u00fcre\u011fir Belediye Ba\u015fkanvekilli\u011fi\u2019ne AKP\u2019li Tar\u0131k \u00d6z\u00fcnal getirildi. \u00d6z\u00fcnal\u2019\u0131n makam koltu\u011funa ge\u00e7ti\u011finde yapt\u0131\u011f\u0131 ilk a\u00e7\u0131klama &#8220;Makamlar ge\u00e7ici, millete hizmet ise kal\u0131c\u0131d\u0131r&#8221; oldu.CHP\u2019li Y\u00fcre\u011fir Belediye Ba\u015fkan\u0131 Ali Demir\u00e7al\u0131\u2019n\u0131n yerine iki kez se\u00e7ilen Cafer Poyraz\u2019\u0131n ba\u015fkanvekilli\u011fi, yap\u0131lan itiraz \u00fczerine mahkeme karar\u0131yla iptal edildi. Se\u00e7im iradesine y\u00f6nelik m\u00fcdahale tart\u0131\u015fmalar\u0131 s\u00fcrerken, Y\u00fcre\u011fir Belediye Ba\u015fkanvekilli\u011fi\u2019ne AKP\u2019li Tar\u0131k \u00d6z\u00fcnal getirildi. \u00d6z\u00fcnal\u2019\u0131n makam koltu\u011funa ge\u00e7ti\u011finde yapt\u0131\u011f\u0131 ilk a\u00e7\u0131klama &#8220;Makamlar ge\u00e7ici, millete hizmet ise kal\u0131c\u0131d\u0131r&#8221; oldu.\u00a0<a href=\"https:\/\/www.cumhuriyet.com.tr\/siyaset\/mahkeme-karariyla-akp-ye-gecmisti-yuregir-belediyesi-ne-atanan-akp-li-ozunal-dan-aciklama-makamlar-gecicidir-2534957\" target=\"_blank\" class=\"feedzy-rss-link-icon\">Read More<\/a><\/p>","protected":false},"excerpt":{"rendered":"<p>CHP\u2019li Y\u00fcre\u011fir Belediye Ba\u015fkan\u0131 Ali Demir\u00e7al\u0131\u2019n\u0131n yerine iki kez se\u00e7ilen Cafer Poyraz\u2019\u0131n ba\u015fkanvekilli\u011fi, yap\u0131lan itiraz \u00fczerine mahkeme karar\u0131yla iptal edildi. Se\u00e7im iradesine y\u00f6nelik m\u00fcdahale tart\u0131\u015fmalar\u0131 s\u00fcrerken, Y\u00fcre\u011fir Belediye Ba\u015fkanvekilli\u011fi\u2019ne AKP\u2019li Tar\u0131k \u00d6z\u00fcnal getirildi. \u00d6z\u00fcnal\u2019\u0131n makam koltu\u011funa ge\u00e7ti\u011finde yapt\u0131\u011f\u0131 ilk a\u00e7\u0131klama &#8220;Makamlar ge\u00e7ici, millete hizmet ise kal\u0131c\u0131d\u0131r&#8221; oldu.CHP\u2019li Y\u00fcre\u011fir Belediye Ba\u015fkan\u0131 Ali Demir\u00e7al\u0131\u2019n\u0131n yerine iki kez [&hellip;]<\/p>\n","protected":false},"author":1,"featured_media":42561,"comment_status":"open","ping_status":"open","sticky":false,"template":"","format":"standard","meta":{"footnotes":"","_links_to":"","_links_to_target":""},"categories":[1],"tags":[],"class_list":["post-42560","post","type-post","status-publish","format-standard","has-post-thumbnail","hentry","category-haberler"],"_links":{"self":[{"href":"https:\/\/www.abchukuk.com\/index.php\/wp-json\/wp\/v2\/posts\/42560","targetHints":{"allow":["GET"]}}],"collection":[{"href":"https:\/\/www.abchukuk.com\/index.php\/wp-json\/wp\/v2\/posts"}],"about":[{"href":"https:\/\/www.abchukuk.com\/index.php\/wp-json\/wp\/v2\/types\/post"}],"author":[{"embeddable":true,"href":"https:\/\/www.abchukuk.com\/index.php\/wp-json\/wp\/v2\/users\/1"}],"replies":[{"embeddable":true,"href":"https:\/\/www.abchukuk.com\/index.php\/wp-json\/wp\/v2\/comments?post=42560"}],"version-history":[{"count":0,"href":"https:\/\/www.abchukuk.com\/index.php\/wp-json\/wp\/v2\/posts\/42560\/revisions"}],"wp:featuredmedia":[{"embeddable":true,"href":"https:\/\/www.abchukuk.com\/index.php\/wp-json\/wp\/v2\/media\/42561"}],"wp:attachment":[{"href":"https:\/\/www.abchukuk.com\/index.php\/wp-json\/wp\/v2\/media?parent=42560"}],"wp:term":[{"taxonomy":"category","embeddable":true,"href":"https:\/\/www.abchukuk.com\/index.php\/wp-json\/wp\/v2\/categories?post=42560"},{"taxonomy":"post_tag","embeddable":true,"href":"https:\/\/www.abchukuk.com\/index.php\/wp-json\/wp\/v2\/tags?post=42560"}],"curies":[{"name":"wp","href":"https:\/\/api.w.org\/{rel}","templated":true}]}}