{"id":42559,"date":"2026-09-04T17:52:53","date_gmt":"2026-09-04T17:52:53","guid":{"rendered":"https:\/\/www.abchukuk.com\/index.php\/2026\/09\/04\/hsk-baskanvekili-fuzuli-aydogdudan-personel-genel-muduru-cahit-cihad-sariya-ziyaret\/"},"modified":"2026-09-04T17:52:53","modified_gmt":"2026-09-04T17:52:53","slug":"hsk-baskanvekili-fuzuli-aydogdudan-personel-genel-muduru-cahit-cihad-sariya-ziyaret","status":"publish","type":"post","link":"https:\/\/www.abchukuk.com\/index.php\/2026\/09\/04\/hsk-baskanvekili-fuzuli-aydogdudan-personel-genel-muduru-cahit-cihad-sariya-ziyaret\/","title":{"rendered":"HSK Ba\u015fkanvekili Fuzuli Aydo\u011fdu\u2019dan Personel Genel M\u00fcd\u00fcr\u00fc Cahit Cihad Sar\u0131\u2019ya ziyaret!"},"content":{"rendered":"<hr \/>\n<p><strong>SON.TV\/ANKARA<\/strong><\/p>\n<p><strong>H\u00e2kimler ve Savc\u0131lar Kurulu Ba\u015fkan Vekili ve 2.Daire Ba\u015fkan\u0131 Fuzuli Aydo\u011fdu<\/strong>\u2019nun <strong>Adalet Bakanl\u0131\u011f\u0131<\/strong> birimlerine y\u00f6nelik g\u00f6r\u00fc\u015fmeleri s\u00fcr\u00fcyor.<\/p>\n<p><strong>Aydo\u011fdu<\/strong>, bu kapsamda <strong>Personel Genel M\u00fcd\u00fcr\u00fc Cahit Cihad Sar\u0131<\/strong> ile bir araya geldi. G\u00f6r\u00fc\u015fmede adalet hizmetlerinin i\u015fleyi\u015fi, <strong>Personel Genel M\u00fcd\u00fcrl\u00fc\u011f\u00fc<\/strong>n\u00fcn \u00e7al\u0131\u015fma alanlar\u0131 ve yeni uygulamalar \u00fczerinde duruldu.<\/p>\n<p><strong>ALO ADALET 135 \u00c7ALI\u015eMALARI ELE ALINDI<\/strong><\/p>\n<p>G\u00f6r\u00fc\u015fmenin \u00f6ne \u00e7\u0131kan ba\u015fl\u0131klar\u0131ndan biri <strong>Alo Adalet 135<\/strong> oldu.<\/p>\n<p>Uzun s\u00fcren dava ve soru\u015fturmalara ili\u015fkin yurtta\u015flar\u0131n ba\u015fvurular\u0131n\u0131 daha h\u0131zl\u0131 bi\u00e7imde iletebilmesi amac\u0131yla olu\u015fturulan <strong>Alo Adalet 135, 1 Eyl\u00fcl 2026<\/strong>\u2019da <strong>Ankara<\/strong> <strong>Bat\u0131, \u0130zmir<\/strong> ve <strong>Kayseri<\/strong> adliyelerinde kullan\u0131ma al\u0131nd\u0131.<span class=\"Apple-converted-space\">\u00a0<\/span><\/p>\n<p><strong>Adalet Bakan\u0131 Ak\u0131n G\u00fcrlek,<\/strong> uygulaman\u0131n ilk a\u015faman\u0131n ard\u0131ndan T\u00fcrkiye geneline yayg\u0131nla\u015ft\u0131r\u0131lmas\u0131n\u0131n ama\u00e7land\u0131\u011f\u0131n\u0131 a\u00e7\u0131klam\u0131\u015ft\u0131.<span class=\"Apple-converted-space\">\u00a0<\/span><\/p>\n<p><strong>YARGI H\u0130ZMETLER\u0130N\u0130N ETK\u0130NL\u0130\u011e\u0130 B\u00dcROLARI G\u00dcNDEMDEYD\u0130<\/strong><\/p>\n<p><strong>Aydo\u011fdu<\/strong> ile <strong>Sar\u0131<\/strong>\u2019n\u0131n g\u00f6r\u00fc\u015fmesinde<strong> Yarg\u0131 Hizmetlerinin Etkinli\u011fi B\u00fcrolar\u0131<\/strong>nda y\u00fcr\u00fct\u00fclen \u00e7al\u0131\u015fmalar da de\u011ferlendirildi.<\/p>\n<p>Bu b\u00fcrolar, \u00f6zellikle uzun s\u00fcren yarg\u0131 i\u015flerinin izlenmesi ve i\u015fleyi\u015fte ortaya \u00e7\u0131kan gecikmelerin ele al\u0131nmas\u0131 amac\u0131yla olu\u015fturulan yeni \u00e7al\u0131\u015fma d\u00fczeninin par\u00e7alar\u0131 aras\u0131nda yer al\u0131yor.<\/p>\n<p><strong>Ankara Bat\u0131 Adliyesinde Yarg\u0131 Hizmetlerinin Etkinli\u011fi B\u00fcrosu, Adalet Bakan\u0131 Ak\u0131n G\u00fcrlek<\/strong>\u2019in kat\u0131ld\u0131\u011f\u0131 programla \u00e7al\u0131\u015fmaya ba\u015flad\u0131. A\u00e7\u0131l\u0131\u015fta <strong>Fuzuli<\/strong> <strong>Aydo\u011fdu<\/strong> ile <strong>Cahit Cihad Sar\u0131<\/strong> da yer ald\u0131.<span class=\"Apple-converted-space\">\u00a0<\/span><\/p>\n<p><strong>\u00c7ALI\u015eMALARIN DAHA ETK\u0130N Y\u00dcR\u00dcT\u00dcLMES\u0130 G\u00d6R\u00dc\u015e\u00dcLD\u00dc<\/strong><\/p>\n<p><strong>Personel Genel M\u00fcd\u00fcrl\u00fc\u011f\u00fc<\/strong>n\u00fcn g\u00f6rev alan\u0131na giren g\u00fcncel \u00e7al\u0131\u015fmalar\u0131n da ele al\u0131nd\u0131\u011f\u0131 g\u00f6r\u00fc\u015fmede, <strong>Alo<\/strong> <strong>Adalet 135<\/strong> ile <strong>Yarg\u0131 Hizmetlerinin Etkinli\u011fi B\u00fcrolar\u0131<\/strong>ndaki \u00e7al\u0131\u015fmalar\u0131n daha etkin y\u00fcr\u00fct\u00fclmesine y\u00f6nelik de\u011ferlendirmeler yap\u0131ld\u0131.<\/p>\n<p>Taraflar, y\u00fcr\u00fct\u00fclen \u00e7al\u0131\u015fmalar konusunda kar\u015f\u0131l\u0131kl\u0131 g\u00f6r\u00fc\u015f al\u0131\u015fveri\u015finde bulundu.<\/p>\n<p><strong>PERSONEL GENEL M\u00dcD\u00dcRL\u00dc\u011e\u00dc\u2019NDEN TE\u015eEKK\u00dcR<\/strong><\/p>\n<p><strong>Personel Genel M\u00fcd\u00fcrl\u00fc\u011f\u00fc, g\u00f6r\u00fc\u015fmenin ard\u0131ndan H\u00e2kimler ve Savc\u0131lar Kurulu Ba\u015fkan Vekili Fuzuli Aydo\u011fdu\u2019ya ziyaretinden dolay\u0131 te\u015fekk\u00fcr etti.<\/strong><\/p>\n<p><strong>Cahit Cihad Sar\u0131, Adalet Bakanl\u0131\u011f\u0131 Personel Genel M\u00fcd\u00fcr\u00fc olarak g\u00f6revini s\u00fcrd\u00fcr\u00fcyor.<span class=\"Apple-converted-space\">\u00a0<\/span><\/strong><\/p>\n<p><strong>ET\u0130KETLER: #FuzuliAydo\u011fdu #CahitCihadSar\u0131 #HSK #AdaletBakanl\u0131\u011f\u0131 #PersonelGenelM\u00fcd\u00fcrl\u00fc\u011f\u00fc #AloAdalet135 #Yarg\u0131Hizmetleri #Ankara<\/strong><\/p>\n<p>H\u00e2kimler ve Savc\u0131lar Kurulu Ba\u015fkan Vekili ve 2.Daire Ba\u015fkan\u0131 Fuzuli Aydo\u011fdu, Adalet Bakanl\u0131\u011f\u0131 Personel Genel M\u00fcd\u00fcr\u00fc Cahit Cihad Sar\u0131\u2019y\u0131 g\u00f6rev yerinde ziyaret etti. G\u00f6r\u00fc\u015fmede Alo Adalet 135 ile Yarg\u0131 Hizmetlerinin Etkinli\u011fi B\u00fcrolar\u0131nda y\u00fcr\u00fct\u00fclen \u00e7al\u0131\u015fmalar ele al\u0131nd\u0131.\u00a0<a href=\"https:\/\/www.son.tv\/hsk-baskanvekili-fuzuli-aydogdudan-personel-genel-muduru-cahit-cihad-sariya-ziyaret\/\" target=\"_blank\" class=\"feedzy-rss-link-icon\">Read More<\/a><\/p>","protected":false},"excerpt":{"rendered":"<p>SON.TV\/ANKARA H\u00e2kimler ve Savc\u0131lar Kurulu Ba\u015fkan Vekili ve 2.Daire Ba\u015fkan\u0131 Fuzuli Aydo\u011fdu\u2019nun Adalet Bakanl\u0131\u011f\u0131 birimlerine y\u00f6nelik g\u00f6r\u00fc\u015fmeleri s\u00fcr\u00fcyor. Aydo\u011fdu, bu kapsamda Personel Genel M\u00fcd\u00fcr\u00fc Cahit Cihad Sar\u0131 ile bir araya geldi. G\u00f6r\u00fc\u015fmede adalet hizmetlerinin i\u015fleyi\u015fi, Personel Genel M\u00fcd\u00fcrl\u00fc\u011f\u00fcn\u00fcn \u00e7al\u0131\u015fma alanlar\u0131 ve yeni uygulamalar \u00fczerinde duruldu. ALO ADALET 135 \u00c7ALI\u015eMALARI ELE ALINDI G\u00f6r\u00fc\u015fmenin \u00f6ne \u00e7\u0131kan ba\u015fl\u0131klar\u0131ndan [&hellip;]<\/p>\n","protected":false},"author":1,"featured_media":0,"comment_status":"open","ping_status":"open","sticky":false,"template":"","format":"standard","meta":{"footnotes":"","_links_to":"","_links_to_target":""},"categories":[1],"tags":[],"class_list":["post-42559","post","type-post","status-publish","format-standard","hentry","category-haberler"],"_links":{"self":[{"href":"https:\/\/www.abchukuk.com\/index.php\/wp-json\/wp\/v2\/posts\/42559","targetHints":{"allow":["GET"]}}],"collection":[{"href":"https:\/\/www.abchukuk.com\/index.php\/wp-json\/wp\/v2\/posts"}],"about":[{"href":"https:\/\/www.abchukuk.com\/index.php\/wp-json\/wp\/v2\/types\/post"}],"author":[{"embeddable":true,"href":"https:\/\/www.abchukuk.com\/index.php\/wp-json\/wp\/v2\/users\/1"}],"replies":[{"embeddable":true,"href":"https:\/\/www.abchukuk.com\/index.php\/wp-json\/wp\/v2\/comments?post=42559"}],"version-history":[{"count":0,"href":"https:\/\/www.abchukuk.com\/index.php\/wp-json\/wp\/v2\/posts\/42559\/revisions"}],"wp:attachment":[{"href":"https:\/\/www.abchukuk.com\/index.php\/wp-json\/wp\/v2\/media?parent=42559"}],"wp:term":[{"taxonomy":"category","embeddable":true,"href":"https:\/\/www.abchukuk.com\/index.php\/wp-json\/wp\/v2\/categories?post=42559"},{"taxonomy":"post_tag","embeddable":true,"href":"https:\/\/www.abchukuk.com\/index.php\/wp-json\/wp\/v2\/tags?post=42559"}],"curies":[{"name":"wp","href":"https:\/\/api.w.org\/{rel}","templated":true}]}}