{"id":42551,"date":"2026-09-04T15:42:00","date_gmt":"2026-09-04T15:42:00","guid":{"rendered":"https:\/\/www.abchukuk.com\/index.php\/2026\/09\/04\/uskudar-belediyesi-sorusturmasi-belediye-baskan-yardimcisi-ozdemir-adli-kontrol-talebiyle-mahkemeye-sevk-edildi\/"},"modified":"2026-09-04T15:42:00","modified_gmt":"2026-09-04T15:42:00","slug":"uskudar-belediyesi-sorusturmasi-belediye-baskan-yardimcisi-ozdemir-adli-kontrol-talebiyle-mahkemeye-sevk-edildi","status":"publish","type":"post","link":"https:\/\/www.abchukuk.com\/index.php\/2026\/09\/04\/uskudar-belediyesi-sorusturmasi-belediye-baskan-yardimcisi-ozdemir-adli-kontrol-talebiyle-mahkemeye-sevk-edildi\/","title":{"rendered":"\u00dcsk\u00fcdar Belediyesi soru\u015fturmas\u0131\u2026 Belediye Ba\u015fkan Yard\u0131mc\u0131s\u0131 \u00d6zdemir adli kontrol talebiyle mahkemeye sevk edildi"},"content":{"rendered":"<p>\u00dcsk\u00fcdar Belediyesi&#8217;ne y\u00f6nelik soru\u015fturma kapsam\u0131nda Belediye Ba\u015fkan Yard\u0131mc\u0131s\u0131 Mithat \u00d6zdemir, adli kontrol talebiyle Sulh Ceza Hakimli\u011fine sevk edildi.\u00dcsk\u00fcdar Belediyesi&#8217;ne y\u00f6nelik soru\u015fturma kapsam\u0131nda Belediye Ba\u015fkan Yard\u0131mc\u0131s\u0131 Mithat \u00d6zdemir, adli kontrol talebiyle Sulh Ceza Hakimli\u011fine sevk edildi.\u00a0<a href=\"https:\/\/www.cumhuriyet.com.tr\/turkiye\/uskudar-belediyesi-sorusturmasi-belediye-baskan-yardimcisi-ozdemir-adli-kontrol-talebiyle-mahkemeye-sevk-edildi-2534942\" target=\"_blank\" class=\"feedzy-rss-link-icon\">Read More<\/a><\/p>","protected":false},"excerpt":{"rendered":"<p>\u00dcsk\u00fcdar Belediyesi&#8217;ne y\u00f6nelik soru\u015fturma kapsam\u0131nda Belediye Ba\u015fkan Yard\u0131mc\u0131s\u0131 Mithat \u00d6zdemir, adli kontrol talebiyle Sulh Ceza Hakimli\u011fine sevk edildi.\u00dcsk\u00fcdar Belediyesi&#8217;ne y\u00f6nelik soru\u015fturma kapsam\u0131nda Belediye Ba\u015fkan Yard\u0131mc\u0131s\u0131 Mithat \u00d6zdemir, adli kontrol talebiyle Sulh Ceza Hakimli\u011fine sevk edildi.\u00a0Read More<\/p>\n","protected":false},"author":1,"featured_media":42552,"comment_status":"open","ping_status":"open","sticky":false,"template":"","format":"standard","meta":{"footnotes":"","_links_to":"","_links_to_target":""},"categories":[1],"tags":[],"class_list":["post-42551","post","type-post","status-publish","format-standard","has-post-thumbnail","hentry","category-haberler"],"_links":{"self":[{"href":"https:\/\/www.abchukuk.com\/index.php\/wp-json\/wp\/v2\/posts\/42551","targetHints":{"allow":["GET"]}}],"collection":[{"href":"https:\/\/www.abchukuk.com\/index.php\/wp-json\/wp\/v2\/posts"}],"about":[{"href":"https:\/\/www.abchukuk.com\/index.php\/wp-json\/wp\/v2\/types\/post"}],"author":[{"embeddable":true,"href":"https:\/\/www.abchukuk.com\/index.php\/wp-json\/wp\/v2\/users\/1"}],"replies":[{"embeddable":true,"href":"https:\/\/www.abchukuk.com\/index.php\/wp-json\/wp\/v2\/comments?post=42551"}],"version-history":[{"count":0,"href":"https:\/\/www.abchukuk.com\/index.php\/wp-json\/wp\/v2\/posts\/42551\/revisions"}],"wp:featuredmedia":[{"embeddable":true,"href":"https:\/\/www.abchukuk.com\/index.php\/wp-json\/wp\/v2\/media\/42552"}],"wp:attachment":[{"href":"https:\/\/www.abchukuk.com\/index.php\/wp-json\/wp\/v2\/media?parent=42551"}],"wp:term":[{"taxonomy":"category","embeddable":true,"href":"https:\/\/www.abchukuk.com\/index.php\/wp-json\/wp\/v2\/categories?post=42551"},{"taxonomy":"post_tag","embeddable":true,"href":"https:\/\/www.abchukuk.com\/index.php\/wp-json\/wp\/v2\/tags?post=42551"}],"curies":[{"name":"wp","href":"https:\/\/api.w.org\/{rel}","templated":true}]}}