{"id":42539,"date":"2026-09-04T14:27:10","date_gmt":"2026-09-04T14:27:10","guid":{"rendered":"https:\/\/www.abchukuk.com\/index.php\/2026\/09\/04\/doku-ailesinin-avukatindan-kritik-aciklama-gulistanin-oldurulme-tarihini-yerini-biliyoruz-hatta-gomuldugu-yere-kadar-da-ulastik\/"},"modified":"2026-09-04T14:27:10","modified_gmt":"2026-09-04T14:27:10","slug":"doku-ailesinin-avukatindan-kritik-aciklama-gulistanin-oldurulme-tarihini-yerini-biliyoruz-hatta-gomuldugu-yere-kadar-da-ulastik","status":"publish","type":"post","link":"https:\/\/www.abchukuk.com\/index.php\/2026\/09\/04\/doku-ailesinin-avukatindan-kritik-aciklama-gulistanin-oldurulme-tarihini-yerini-biliyoruz-hatta-gomuldugu-yere-kadar-da-ulastik\/","title":{"rendered":"Doku Ailesinin Avukat\u0131ndan Kritik A\u00e7\u0131klama: &#8216;G\u00fclistan&#8217;\u0131n \u00d6ld\u00fcr\u00fclme Tarihini, Yerini Biliyoruz! Hatta G\u00f6m\u00fcld\u00fc\u011f\u00fc Yere Kadar da Ula\u015ft\u0131k&#8217;"},"content":{"rendered":"<p><a href=\"https:\/\/www.gercekgundem.com\/guncel\/doku-ailesinin-avukatindan-kritik-aciklama-gulistanin-oldurulme-tarihini-yerini-biliyoruz-hatta-gomuldugu-yere-kadar-da-ulastik-578025\"><br \/>\n                                                            <img decoding=\"async\" src=\"https:\/\/i.gercekgundem.com\/2\/150\/84\/storage\/files\/images\/2026\/09\/04\/doku-ailesinin-avukatindan-kritik-aciklama-gulistanin-oldurulme-tarihini-yerini-biliyoruz-hatta-gomuldugu-yere-kadar-da-ulastik-z5vi.jpg\" width=\"150\" height=\"84\" border=\"0\" align=\"right\" \/><br \/>\n                                                    <\/a><\/p>\n<h4>G\u00fclistan Doku ailesinin avukat\u0131 Ali \u00c7imen, soru\u015fturmaya ili\u015fkin dikkat \u00e7eken a\u00e7\u0131klamalarda bulundu. \u00c7imen, &#8220;\u00d6ld\u00fcr\u00fclme tarihini, \u00f6ld\u00fcr\u00fclme yerini, tamam\u0131n\u0131 biliyoruz. Hatta g\u00f6m\u00fcld\u00fc\u011f\u00fc yere kadar da ula\u015ft\u0131k&#8221; dedi. \u00d6te yandan soru\u015fturma kapsam\u0131ndaki tutuklu say\u0131s\u0131 da 34&#8217;e y\u00fckselirken, savc\u0131l\u0131k son tutuklamalar\u0131n gerek\u00e7elerini de payla\u015ft\u0131.<\/h4>\n<p>G\u00fclistan Doku ailesinin avukat\u0131 Ali \u00c7imen, soru\u015fturmaya ili\u015fkin dikkat \u00e7eken a\u00e7\u0131klamalarda bulundu. \u00c7imen, &#8220;\u00d6ld\u00fcr\u00fclme tarihini, \u00f6ld\u00fcr\u00fclme yerini, tamam\u0131n\u0131 biliyoruz. Hatta g\u00f6m\u00fcld\u00fc\u011f\u00fc yere kadar da ula\u015ft\u0131k&#8221; dedi. \u00d6te yandan soru\u015fturma kapsam\u0131ndaki tutuklu say\u0131s\u0131 da 34&#8217;e y\u00fckselirken, savc\u0131l\u0131k son tutuklamalar\u0131n gerek\u00e7elerini de payla\u015ft\u0131.\u00a0<a href=\"https:\/\/www.gercekgundem.com\/guncel\/doku-ailesinin-avukatindan-kritik-aciklama-gulistanin-oldurulme-tarihini-yerini-biliyoruz-hatta-gomuldugu-yere-kadar-da-ulastik-578025\" target=\"_blank\" class=\"feedzy-rss-link-icon\">Read More<\/a><\/p>","protected":false},"excerpt":{"rendered":"<p>G\u00fclistan Doku ailesinin avukat\u0131 Ali \u00c7imen, soru\u015fturmaya ili\u015fkin dikkat \u00e7eken a\u00e7\u0131klamalarda bulundu. \u00c7imen, &#8220;\u00d6ld\u00fcr\u00fclme tarihini, \u00f6ld\u00fcr\u00fclme yerini, tamam\u0131n\u0131 biliyoruz. Hatta g\u00f6m\u00fcld\u00fc\u011f\u00fc yere kadar da ula\u015ft\u0131k&#8221; dedi. \u00d6te yandan soru\u015fturma kapsam\u0131ndaki tutuklu say\u0131s\u0131 da 34&#8217;e y\u00fckselirken, savc\u0131l\u0131k son tutuklamalar\u0131n gerek\u00e7elerini de payla\u015ft\u0131. G\u00fclistan Doku ailesinin avukat\u0131 Ali \u00c7imen, soru\u015fturmaya ili\u015fkin dikkat \u00e7eken a\u00e7\u0131klamalarda bulundu. \u00c7imen, &#8220;\u00d6ld\u00fcr\u00fclme [&hellip;]<\/p>\n","protected":false},"author":1,"featured_media":42540,"comment_status":"open","ping_status":"open","sticky":false,"template":"","format":"standard","meta":{"footnotes":"","_links_to":"","_links_to_target":""},"categories":[1],"tags":[],"class_list":["post-42539","post","type-post","status-publish","format-standard","has-post-thumbnail","hentry","category-haberler"],"_links":{"self":[{"href":"https:\/\/www.abchukuk.com\/index.php\/wp-json\/wp\/v2\/posts\/42539","targetHints":{"allow":["GET"]}}],"collection":[{"href":"https:\/\/www.abchukuk.com\/index.php\/wp-json\/wp\/v2\/posts"}],"about":[{"href":"https:\/\/www.abchukuk.com\/index.php\/wp-json\/wp\/v2\/types\/post"}],"author":[{"embeddable":true,"href":"https:\/\/www.abchukuk.com\/index.php\/wp-json\/wp\/v2\/users\/1"}],"replies":[{"embeddable":true,"href":"https:\/\/www.abchukuk.com\/index.php\/wp-json\/wp\/v2\/comments?post=42539"}],"version-history":[{"count":0,"href":"https:\/\/www.abchukuk.com\/index.php\/wp-json\/wp\/v2\/posts\/42539\/revisions"}],"wp:featuredmedia":[{"embeddable":true,"href":"https:\/\/www.abchukuk.com\/index.php\/wp-json\/wp\/v2\/media\/42540"}],"wp:attachment":[{"href":"https:\/\/www.abchukuk.com\/index.php\/wp-json\/wp\/v2\/media?parent=42539"}],"wp:term":[{"taxonomy":"category","embeddable":true,"href":"https:\/\/www.abchukuk.com\/index.php\/wp-json\/wp\/v2\/categories?post=42539"},{"taxonomy":"post_tag","embeddable":true,"href":"https:\/\/www.abchukuk.com\/index.php\/wp-json\/wp\/v2\/tags?post=42539"}],"curies":[{"name":"wp","href":"https:\/\/api.w.org\/{rel}","templated":true}]}}