{"id":42537,"date":"2026-09-04T14:46:00","date_gmt":"2026-09-04T14:46:00","guid":{"rendered":"https:\/\/www.abchukuk.com\/index.php\/2026\/09\/04\/basaran-aksu-ve-gokay-cakir-tahliye-edildi\/"},"modified":"2026-09-04T14:46:00","modified_gmt":"2026-09-04T14:46:00","slug":"basaran-aksu-ve-gokay-cakir-tahliye-edildi","status":"publish","type":"post","link":"https:\/\/www.abchukuk.com\/index.php\/2026\/09\/04\/basaran-aksu-ve-gokay-cakir-tahliye-edildi\/","title":{"rendered":"Ba\u015faran Aksu ve G\u00f6kay \u00c7ak\u0131r Tahliye Edildi"},"content":{"rendered":"<p><a href=\"https:\/\/www.gercekgundem.com\/guncel\/basaran-aksu-ve-gokay-cakir-tahliye-edildi-578027\"><br \/>\n                                                            <img decoding=\"async\" src=\"https:\/\/i.gercekgundem.com\/2\/150\/84\/storage\/files\/images\/2026\/09\/04\/basaran-aksu-ve-gokay-cakir-tahliye-edildi-pfwt.jpg\" width=\"150\" height=\"84\" border=\"0\" align=\"right\" \/><br \/>\n                                                    <\/a><\/p>\n<h4>Ba\u011f\u0131ms\u0131z Maden-\u0130\u015f \u00d6rg\u00fctlenme Uzman\u0131 Ba\u015faran Aksu ve Genel Ba\u015fkan\u0131 G\u00f6kay \u00c7ak\u0131r tahliye edildi. Aksu, tutuklulu\u011funun be\u015finci g\u00fcn\u00fcnde a\u00e7l\u0131k grevine ba\u015flam\u0131\u015ft\u0131.<\/h4>\n<p>Ba\u011f\u0131ms\u0131z Maden-\u0130\u015f \u00d6rg\u00fctlenme Uzman\u0131 Ba\u015faran Aksu ve Genel Ba\u015fkan\u0131 G\u00f6kay \u00c7ak\u0131r tahliye edildi. Aksu, tutuklulu\u011funun be\u015finci g\u00fcn\u00fcnde a\u00e7l\u0131k grevine ba\u015flam\u0131\u015ft\u0131.\u00a0<a href=\"https:\/\/www.gercekgundem.com\/guncel\/basaran-aksu-ve-gokay-cakir-tahliye-edildi-578027\" target=\"_blank\" class=\"feedzy-rss-link-icon\">Read More<\/a><\/p>","protected":false},"excerpt":{"rendered":"<p>Ba\u011f\u0131ms\u0131z Maden-\u0130\u015f \u00d6rg\u00fctlenme Uzman\u0131 Ba\u015faran Aksu ve Genel Ba\u015fkan\u0131 G\u00f6kay \u00c7ak\u0131r tahliye edildi. Aksu, tutuklulu\u011funun be\u015finci g\u00fcn\u00fcnde a\u00e7l\u0131k grevine ba\u015flam\u0131\u015ft\u0131. Ba\u011f\u0131ms\u0131z Maden-\u0130\u015f \u00d6rg\u00fctlenme Uzman\u0131 Ba\u015faran Aksu ve Genel Ba\u015fkan\u0131 G\u00f6kay \u00c7ak\u0131r tahliye edildi. Aksu, tutuklulu\u011funun be\u015finci g\u00fcn\u00fcnde a\u00e7l\u0131k grevine ba\u015flam\u0131\u015ft\u0131.\u00a0Read More<\/p>\n","protected":false},"author":1,"featured_media":42538,"comment_status":"open","ping_status":"open","sticky":false,"template":"","format":"standard","meta":{"footnotes":"","_links_to":"","_links_to_target":""},"categories":[1],"tags":[],"class_list":["post-42537","post","type-post","status-publish","format-standard","has-post-thumbnail","hentry","category-haberler"],"_links":{"self":[{"href":"https:\/\/www.abchukuk.com\/index.php\/wp-json\/wp\/v2\/posts\/42537","targetHints":{"allow":["GET"]}}],"collection":[{"href":"https:\/\/www.abchukuk.com\/index.php\/wp-json\/wp\/v2\/posts"}],"about":[{"href":"https:\/\/www.abchukuk.com\/index.php\/wp-json\/wp\/v2\/types\/post"}],"author":[{"embeddable":true,"href":"https:\/\/www.abchukuk.com\/index.php\/wp-json\/wp\/v2\/users\/1"}],"replies":[{"embeddable":true,"href":"https:\/\/www.abchukuk.com\/index.php\/wp-json\/wp\/v2\/comments?post=42537"}],"version-history":[{"count":0,"href":"https:\/\/www.abchukuk.com\/index.php\/wp-json\/wp\/v2\/posts\/42537\/revisions"}],"wp:featuredmedia":[{"embeddable":true,"href":"https:\/\/www.abchukuk.com\/index.php\/wp-json\/wp\/v2\/media\/42538"}],"wp:attachment":[{"href":"https:\/\/www.abchukuk.com\/index.php\/wp-json\/wp\/v2\/media?parent=42537"}],"wp:term":[{"taxonomy":"category","embeddable":true,"href":"https:\/\/www.abchukuk.com\/index.php\/wp-json\/wp\/v2\/categories?post=42537"},{"taxonomy":"post_tag","embeddable":true,"href":"https:\/\/www.abchukuk.com\/index.php\/wp-json\/wp\/v2\/tags?post=42537"}],"curies":[{"name":"wp","href":"https:\/\/api.w.org\/{rel}","templated":true}]}}