{"id":42535,"date":"2026-09-04T14:47:00","date_gmt":"2026-09-04T14:47:00","guid":{"rendered":"https:\/\/www.abchukuk.com\/index.php\/2026\/09\/04\/2-kisi-hayatini-kaybetmisti-izmirdeki-elektrik-akimi-faciasinda-adli-kontrol-tedbirleri-kaldirildi\/"},"modified":"2026-09-04T14:47:00","modified_gmt":"2026-09-04T14:47:00","slug":"2-kisi-hayatini-kaybetmisti-izmirdeki-elektrik-akimi-faciasinda-adli-kontrol-tedbirleri-kaldirildi","status":"publish","type":"post","link":"https:\/\/www.abchukuk.com\/index.php\/2026\/09\/04\/2-kisi-hayatini-kaybetmisti-izmirdeki-elektrik-akimi-faciasinda-adli-kontrol-tedbirleri-kaldirildi\/","title":{"rendered":"2 ki\u015fi hayat\u0131n\u0131 kaybetmi\u015fti: \u0130zmir&#8217;deki elektrik ak\u0131m\u0131 facias\u0131nda &#8216;adli kontrol&#8217; tedbirleri kald\u0131r\u0131ld\u0131"},"content":{"rendered":"<p>\u0130zmir\u2019de sa\u011fanak s\u0131ras\u0131nda sokakta elektrik ak\u0131m\u0131na kap\u0131lan \u0130nan\u00e7 \u00d6ktemay ile \u00d6zge Ceren Deniz\u2019in hayat\u0131n\u0131 kaybetmesine ili\u015fkin davan\u0131n istinaf incelemesinde, san\u0131klar hakk\u0131ndaki adli kontrol tedbirlerinin kald\u0131r\u0131lmas\u0131na karar verildi. Duru\u015fma 9 Ekim\u2019e ertelendi.\u0130zmir\u2019de sa\u011fanak s\u0131ras\u0131nda sokakta elektrik ak\u0131m\u0131na kap\u0131lan \u0130nan\u00e7 \u00d6ktemay ile \u00d6zge Ceren Deniz\u2019in hayat\u0131n\u0131 kaybetmesine ili\u015fkin davan\u0131n istinaf incelemesinde, san\u0131klar hakk\u0131ndaki adli kontrol tedbirlerinin kald\u0131r\u0131lmas\u0131na karar verildi. Duru\u015fma 9 Ekim\u2019e ertelendi.\u00a0<a href=\"https:\/\/www.cumhuriyet.com.tr\/turkiye\/2-kisi-hayatini-kaybetmisti-izmir-deki-elektrik-akimi-faciasinda-adli-kontrol-tedbirleri-kaldirildi-2534929\" target=\"_blank\" class=\"feedzy-rss-link-icon\">Read More<\/a><\/p>","protected":false},"excerpt":{"rendered":"<p>\u0130zmir\u2019de sa\u011fanak s\u0131ras\u0131nda sokakta elektrik ak\u0131m\u0131na kap\u0131lan \u0130nan\u00e7 \u00d6ktemay ile \u00d6zge Ceren Deniz\u2019in hayat\u0131n\u0131 kaybetmesine ili\u015fkin davan\u0131n istinaf incelemesinde, san\u0131klar hakk\u0131ndaki adli kontrol tedbirlerinin kald\u0131r\u0131lmas\u0131na karar verildi. Duru\u015fma 9 Ekim\u2019e ertelendi.\u0130zmir\u2019de sa\u011fanak s\u0131ras\u0131nda sokakta elektrik ak\u0131m\u0131na kap\u0131lan \u0130nan\u00e7 \u00d6ktemay ile \u00d6zge Ceren Deniz\u2019in hayat\u0131n\u0131 kaybetmesine ili\u015fkin davan\u0131n istinaf incelemesinde, san\u0131klar hakk\u0131ndaki adli kontrol tedbirlerinin kald\u0131r\u0131lmas\u0131na [&hellip;]<\/p>\n","protected":false},"author":1,"featured_media":42536,"comment_status":"open","ping_status":"open","sticky":false,"template":"","format":"standard","meta":{"footnotes":"","_links_to":"","_links_to_target":""},"categories":[1],"tags":[],"class_list":["post-42535","post","type-post","status-publish","format-standard","has-post-thumbnail","hentry","category-haberler"],"_links":{"self":[{"href":"https:\/\/www.abchukuk.com\/index.php\/wp-json\/wp\/v2\/posts\/42535","targetHints":{"allow":["GET"]}}],"collection":[{"href":"https:\/\/www.abchukuk.com\/index.php\/wp-json\/wp\/v2\/posts"}],"about":[{"href":"https:\/\/www.abchukuk.com\/index.php\/wp-json\/wp\/v2\/types\/post"}],"author":[{"embeddable":true,"href":"https:\/\/www.abchukuk.com\/index.php\/wp-json\/wp\/v2\/users\/1"}],"replies":[{"embeddable":true,"href":"https:\/\/www.abchukuk.com\/index.php\/wp-json\/wp\/v2\/comments?post=42535"}],"version-history":[{"count":0,"href":"https:\/\/www.abchukuk.com\/index.php\/wp-json\/wp\/v2\/posts\/42535\/revisions"}],"wp:featuredmedia":[{"embeddable":true,"href":"https:\/\/www.abchukuk.com\/index.php\/wp-json\/wp\/v2\/media\/42536"}],"wp:attachment":[{"href":"https:\/\/www.abchukuk.com\/index.php\/wp-json\/wp\/v2\/media?parent=42535"}],"wp:term":[{"taxonomy":"category","embeddable":true,"href":"https:\/\/www.abchukuk.com\/index.php\/wp-json\/wp\/v2\/categories?post=42535"},{"taxonomy":"post_tag","embeddable":true,"href":"https:\/\/www.abchukuk.com\/index.php\/wp-json\/wp\/v2\/tags?post=42535"}],"curies":[{"name":"wp","href":"https:\/\/api.w.org\/{rel}","templated":true}]}}