{"id":42532,"date":"2026-09-04T12:22:00","date_gmt":"2026-09-04T12:22:00","guid":{"rendered":"https:\/\/www.abchukuk.com\/index.php\/2026\/09\/04\/ibb-davasi-ile-ilgili-aciklamalari-sorusturma-konusu-oldu-avukatlar-huseyin-ersoz-ve-enes-ermaner-ifade-verdi\/"},"modified":"2026-09-04T12:22:00","modified_gmt":"2026-09-04T12:22:00","slug":"ibb-davasi-ile-ilgili-aciklamalari-sorusturma-konusu-oldu-avukatlar-huseyin-ersoz-ve-enes-ermaner-ifade-verdi","status":"publish","type":"post","link":"https:\/\/www.abchukuk.com\/index.php\/2026\/09\/04\/ibb-davasi-ile-ilgili-aciklamalari-sorusturma-konusu-oldu-avukatlar-huseyin-ersoz-ve-enes-ermaner-ifade-verdi\/","title":{"rendered":"\u0130BB Davas\u0131 ile ilgili a\u00e7\u0131klamalar\u0131 soru\u015fturma konusu oldu: Avukatlar H\u00fcseyin Ers\u00f6z ve Enes Ermaner ifade verdi"},"content":{"rendered":"<p>\u0130BB Davas\u0131&#8217;nda san\u0131k m\u00fcdafili\u011fi yapan avukatlar H\u00fcseyin Ers\u00f6z ve Enes Ermaner, mahkemeye sunduklar\u0131 dilek\u00e7eler ve duru\u015fmadaki savunmalar\u0131na ili\u015fkin BirG\u00fcn TV\u2019de yapt\u0131klar\u0131 a\u00e7\u0131klamalar nedeniyle ba\u015flat\u0131lan soru\u015fturma kapsam\u0131nda savc\u0131l\u0131kta ifade verdi. \u201cKamu g\u00f6revlisine hakaret\u201d ve \u201cadil yarg\u0131lamay\u0131 etkilemeye te\u015febb\u00fcs\u201d su\u00e7lamalar\u0131 y\u00f6neltilen iki avukat, a\u00e7\u0131klamalar\u0131n\u0131n avukatl\u0131k faaliyeti kapsam\u0131nda oldu\u011funu belirterek haklar\u0131nda kovu\u015fturmaya yer olmad\u0131\u011f\u0131na karar verilmesini talep etti.\u0130BB Davas\u0131&#8217;nda san\u0131k m\u00fcdafili\u011fi yapan avukatlar H\u00fcseyin Ers\u00f6z ve Enes Ermaner, mahkemeye sunduklar\u0131 dilek\u00e7eler ve duru\u015fmadaki savunmalar\u0131na ili\u015fkin BirG\u00fcn TV\u2019de yapt\u0131klar\u0131 a\u00e7\u0131klamalar nedeniyle ba\u015flat\u0131lan soru\u015fturma kapsam\u0131nda savc\u0131l\u0131kta ifade verdi. \u201cKamu g\u00f6revlisine hakaret\u201d ve \u201cadil yarg\u0131lamay\u0131 etkilemeye te\u015febb\u00fcs\u201d su\u00e7lamalar\u0131 y\u00f6neltilen iki avukat, a\u00e7\u0131klamalar\u0131n\u0131n avukatl\u0131k faaliyeti kapsam\u0131nda oldu\u011funu belirterek haklar\u0131nda kovu\u015fturmaya yer olmad\u0131\u011f\u0131na karar verilmesini talep etti.\u00a0<a href=\"https:\/\/www.cumhuriyet.com.tr\/siyaset\/ibb-davasi-ile-ilgili-aciklamalari-sorusturma-konusu-oldu-avukatlar-huseyin-ersoz-ve-enes-ermaner-ifade-verdi-2534886\" target=\"_blank\" class=\"feedzy-rss-link-icon\">Read More<\/a><\/p>","protected":false},"excerpt":{"rendered":"<p>\u0130BB Davas\u0131&#8217;nda san\u0131k m\u00fcdafili\u011fi yapan avukatlar H\u00fcseyin Ers\u00f6z ve Enes Ermaner, mahkemeye sunduklar\u0131 dilek\u00e7eler ve duru\u015fmadaki savunmalar\u0131na ili\u015fkin BirG\u00fcn TV\u2019de yapt\u0131klar\u0131 a\u00e7\u0131klamalar nedeniyle ba\u015flat\u0131lan soru\u015fturma kapsam\u0131nda savc\u0131l\u0131kta ifade verdi. \u201cKamu g\u00f6revlisine hakaret\u201d ve \u201cadil yarg\u0131lamay\u0131 etkilemeye te\u015febb\u00fcs\u201d su\u00e7lamalar\u0131 y\u00f6neltilen iki avukat, a\u00e7\u0131klamalar\u0131n\u0131n avukatl\u0131k faaliyeti kapsam\u0131nda oldu\u011funu belirterek haklar\u0131nda kovu\u015fturmaya yer olmad\u0131\u011f\u0131na karar verilmesini talep etti.\u0130BB [&hellip;]<\/p>\n","protected":false},"author":1,"featured_media":42533,"comment_status":"open","ping_status":"open","sticky":false,"template":"","format":"standard","meta":{"footnotes":"","_links_to":"","_links_to_target":""},"categories":[1],"tags":[],"class_list":["post-42532","post","type-post","status-publish","format-standard","has-post-thumbnail","hentry","category-haberler"],"_links":{"self":[{"href":"https:\/\/www.abchukuk.com\/index.php\/wp-json\/wp\/v2\/posts\/42532","targetHints":{"allow":["GET"]}}],"collection":[{"href":"https:\/\/www.abchukuk.com\/index.php\/wp-json\/wp\/v2\/posts"}],"about":[{"href":"https:\/\/www.abchukuk.com\/index.php\/wp-json\/wp\/v2\/types\/post"}],"author":[{"embeddable":true,"href":"https:\/\/www.abchukuk.com\/index.php\/wp-json\/wp\/v2\/users\/1"}],"replies":[{"embeddable":true,"href":"https:\/\/www.abchukuk.com\/index.php\/wp-json\/wp\/v2\/comments?post=42532"}],"version-history":[{"count":0,"href":"https:\/\/www.abchukuk.com\/index.php\/wp-json\/wp\/v2\/posts\/42532\/revisions"}],"wp:featuredmedia":[{"embeddable":true,"href":"https:\/\/www.abchukuk.com\/index.php\/wp-json\/wp\/v2\/media\/42533"}],"wp:attachment":[{"href":"https:\/\/www.abchukuk.com\/index.php\/wp-json\/wp\/v2\/media?parent=42532"}],"wp:term":[{"taxonomy":"category","embeddable":true,"href":"https:\/\/www.abchukuk.com\/index.php\/wp-json\/wp\/v2\/categories?post=42532"},{"taxonomy":"post_tag","embeddable":true,"href":"https:\/\/www.abchukuk.com\/index.php\/wp-json\/wp\/v2\/tags?post=42532"}],"curies":[{"name":"wp","href":"https:\/\/api.w.org\/{rel}","templated":true}]}}