{"id":42527,"date":"2026-09-04T12:40:00","date_gmt":"2026-09-04T12:40:00","guid":{"rendered":"https:\/\/www.abchukuk.com\/index.php\/2026\/09\/04\/basaran-aksudan-cezaevinden-mesaj-korkuyorlar-bir-parca-daha-cesaret\/"},"modified":"2026-09-04T12:40:00","modified_gmt":"2026-09-04T12:40:00","slug":"basaran-aksudan-cezaevinden-mesaj-korkuyorlar-bir-parca-daha-cesaret","status":"publish","type":"post","link":"https:\/\/www.abchukuk.com\/index.php\/2026\/09\/04\/basaran-aksudan-cezaevinden-mesaj-korkuyorlar-bir-parca-daha-cesaret\/","title":{"rendered":"Ba\u015faran Aksu\u2019dan cezaevinden mesaj: &#8216;Korkuyorlar, bir par\u00e7a daha cesaret!&#8217;"},"content":{"rendered":"<p>Tutuklu Ba\u011f\u0131ms\u0131z Maden-\u0130\u015f \u00d6rg\u00fctlenme Uzman\u0131 Ba\u015faran Aksu, cezaevinden yazd\u0131\u011f\u0131 mektupta &#8220;Zenginler, patronlar, holdingler, sar\u0131 sendikalar rahats\u0131z edilmedikleri s\u00fcrece \u00e7olu\u011fumuzun, \u00e7ocu\u011fumuzun gelece\u011fine de \u00e7\u00f6kecekler. Korkuyorlar, bir par\u00e7a daha cesaret&#8221; ifadelerini kulland\u0131.Tutuklu Ba\u011f\u0131ms\u0131z Maden-\u0130\u015f \u00d6rg\u00fctlenme Uzman\u0131 Ba\u015faran Aksu, cezaevinden yazd\u0131\u011f\u0131 mektupta &#8220;Zenginler, patronlar, holdingler, sar\u0131 sendikalar rahats\u0131z edilmedikleri s\u00fcrece \u00e7olu\u011fumuzun, \u00e7ocu\u011fumuzun gelece\u011fine de \u00e7\u00f6kecekler. Korkuyorlar, bir par\u00e7a daha cesaret&#8221; ifadelerini kulland\u0131.\u00a0<a href=\"https:\/\/www.cumhuriyet.com.tr\/turkiye\/basaran-aksu-dan-cezaevinden-mesaj-korkuyorlar-bir-parca-daha-cesaret-2534889\" target=\"_blank\" class=\"feedzy-rss-link-icon\">Read More<\/a><\/p>","protected":false},"excerpt":{"rendered":"<p>Tutuklu Ba\u011f\u0131ms\u0131z Maden-\u0130\u015f \u00d6rg\u00fctlenme Uzman\u0131 Ba\u015faran Aksu, cezaevinden yazd\u0131\u011f\u0131 mektupta &#8220;Zenginler, patronlar, holdingler, sar\u0131 sendikalar rahats\u0131z edilmedikleri s\u00fcrece \u00e7olu\u011fumuzun, \u00e7ocu\u011fumuzun gelece\u011fine de \u00e7\u00f6kecekler. Korkuyorlar, bir par\u00e7a daha cesaret&#8221; ifadelerini kulland\u0131.Tutuklu Ba\u011f\u0131ms\u0131z Maden-\u0130\u015f \u00d6rg\u00fctlenme Uzman\u0131 Ba\u015faran Aksu, cezaevinden yazd\u0131\u011f\u0131 mektupta &#8220;Zenginler, patronlar, holdingler, sar\u0131 sendikalar rahats\u0131z edilmedikleri s\u00fcrece \u00e7olu\u011fumuzun, \u00e7ocu\u011fumuzun gelece\u011fine de \u00e7\u00f6kecekler. Korkuyorlar, bir par\u00e7a [&hellip;]<\/p>\n","protected":false},"author":1,"featured_media":42528,"comment_status":"open","ping_status":"open","sticky":false,"template":"","format":"standard","meta":{"footnotes":"","_links_to":"","_links_to_target":""},"categories":[1],"tags":[],"class_list":["post-42527","post","type-post","status-publish","format-standard","has-post-thumbnail","hentry","category-haberler"],"_links":{"self":[{"href":"https:\/\/www.abchukuk.com\/index.php\/wp-json\/wp\/v2\/posts\/42527","targetHints":{"allow":["GET"]}}],"collection":[{"href":"https:\/\/www.abchukuk.com\/index.php\/wp-json\/wp\/v2\/posts"}],"about":[{"href":"https:\/\/www.abchukuk.com\/index.php\/wp-json\/wp\/v2\/types\/post"}],"author":[{"embeddable":true,"href":"https:\/\/www.abchukuk.com\/index.php\/wp-json\/wp\/v2\/users\/1"}],"replies":[{"embeddable":true,"href":"https:\/\/www.abchukuk.com\/index.php\/wp-json\/wp\/v2\/comments?post=42527"}],"version-history":[{"count":0,"href":"https:\/\/www.abchukuk.com\/index.php\/wp-json\/wp\/v2\/posts\/42527\/revisions"}],"wp:featuredmedia":[{"embeddable":true,"href":"https:\/\/www.abchukuk.com\/index.php\/wp-json\/wp\/v2\/media\/42528"}],"wp:attachment":[{"href":"https:\/\/www.abchukuk.com\/index.php\/wp-json\/wp\/v2\/media?parent=42527"}],"wp:term":[{"taxonomy":"category","embeddable":true,"href":"https:\/\/www.abchukuk.com\/index.php\/wp-json\/wp\/v2\/categories?post=42527"},{"taxonomy":"post_tag","embeddable":true,"href":"https:\/\/www.abchukuk.com\/index.php\/wp-json\/wp\/v2\/tags?post=42527"}],"curies":[{"name":"wp","href":"https:\/\/api.w.org\/{rel}","templated":true}]}}