{"id":42525,"date":"2026-09-04T12:55:00","date_gmt":"2026-09-04T12:55:00","guid":{"rendered":"https:\/\/www.abchukuk.com\/index.php\/2026\/09\/04\/melih-gokcek-ifade-vermek-icin-adliyede\/"},"modified":"2026-09-04T12:55:00","modified_gmt":"2026-09-04T12:55:00","slug":"melih-gokcek-ifade-vermek-icin-adliyede","status":"publish","type":"post","link":"https:\/\/www.abchukuk.com\/index.php\/2026\/09\/04\/melih-gokcek-ifade-vermek-icin-adliyede\/","title":{"rendered":"Melih G\u00f6k\u00e7ek \u0130fade Vermek \u0130\u00e7in Adliyede"},"content":{"rendered":"<p><a href=\"https:\/\/www.gercekgundem.com\/gundem\/melih-gokcek-ifade-vermek-uzere-adliyeye-geldi-578018\"><br \/>\n                                                            <img decoding=\"async\" src=\"https:\/\/i.gercekgundem.com\/2\/150\/84\/storage\/files\/images\/2026\/09\/04\/melih-gokcek-ifade-vermek-uzere-adliyeye-geldi-rzij.jpg\" width=\"150\" height=\"84\" border=\"0\" align=\"right\" \/><br \/>\n                                                    <\/a><\/p>\n<h4>Ankara Cumhuriyet Ba\u015fsavc\u0131l\u0131\u011f\u0131 taraf\u0131ndan \u201cyurt d\u0131\u015f\u0131ndaki \u015firketlere kay\u0131t d\u0131\u015f\u0131 para aktar\u0131ld\u0131\u011f\u0131\u201d iddialar\u0131 \u00fczerine hakk\u0131nda resen soru\u015fturma ba\u015flat\u0131lan eski Ankara B\u00fcy\u00fck\u015fehir Belediye Ba\u015fkan\u0131 \u0130brahim Melih G\u00f6k\u00e7ek, \u201c\u015f\u00fcpheli\u201d s\u0131fat\u0131yla ifade vermek \u00fczere Ankara Adliyesi\u2019ne geldi.<\/h4>\n<p>Ankara Cumhuriyet Ba\u015fsavc\u0131l\u0131\u011f\u0131 taraf\u0131ndan \u201cyurt d\u0131\u015f\u0131ndaki \u015firketlere kay\u0131t d\u0131\u015f\u0131 para aktar\u0131ld\u0131\u011f\u0131\u201d iddialar\u0131 \u00fczerine hakk\u0131nda resen soru\u015fturma ba\u015flat\u0131lan eski Ankara B\u00fcy\u00fck\u015fehir Belediye Ba\u015fkan\u0131 \u0130brahim Melih G\u00f6k\u00e7ek, \u201c\u015f\u00fcpheli\u201d s\u0131fat\u0131yla ifade vermek \u00fczere Ankara Adliyesi\u2019ne geldi.\u00a0<a href=\"https:\/\/www.gercekgundem.com\/gundem\/melih-gokcek-ifade-vermek-uzere-adliyeye-geldi-578018\" target=\"_blank\" class=\"feedzy-rss-link-icon\">Read More<\/a><\/p>","protected":false},"excerpt":{"rendered":"<p>Ankara Cumhuriyet Ba\u015fsavc\u0131l\u0131\u011f\u0131 taraf\u0131ndan \u201cyurt d\u0131\u015f\u0131ndaki \u015firketlere kay\u0131t d\u0131\u015f\u0131 para aktar\u0131ld\u0131\u011f\u0131\u201d iddialar\u0131 \u00fczerine hakk\u0131nda resen soru\u015fturma ba\u015flat\u0131lan eski Ankara B\u00fcy\u00fck\u015fehir Belediye Ba\u015fkan\u0131 \u0130brahim Melih G\u00f6k\u00e7ek, \u201c\u015f\u00fcpheli\u201d s\u0131fat\u0131yla ifade vermek \u00fczere Ankara Adliyesi\u2019ne geldi. Ankara Cumhuriyet Ba\u015fsavc\u0131l\u0131\u011f\u0131 taraf\u0131ndan \u201cyurt d\u0131\u015f\u0131ndaki \u015firketlere kay\u0131t d\u0131\u015f\u0131 para aktar\u0131ld\u0131\u011f\u0131\u201d iddialar\u0131 \u00fczerine hakk\u0131nda resen soru\u015fturma ba\u015flat\u0131lan eski Ankara B\u00fcy\u00fck\u015fehir Belediye Ba\u015fkan\u0131 [&hellip;]<\/p>\n","protected":false},"author":1,"featured_media":42526,"comment_status":"open","ping_status":"open","sticky":false,"template":"","format":"standard","meta":{"footnotes":"","_links_to":"","_links_to_target":""},"categories":[1],"tags":[],"class_list":["post-42525","post","type-post","status-publish","format-standard","has-post-thumbnail","hentry","category-haberler"],"_links":{"self":[{"href":"https:\/\/www.abchukuk.com\/index.php\/wp-json\/wp\/v2\/posts\/42525","targetHints":{"allow":["GET"]}}],"collection":[{"href":"https:\/\/www.abchukuk.com\/index.php\/wp-json\/wp\/v2\/posts"}],"about":[{"href":"https:\/\/www.abchukuk.com\/index.php\/wp-json\/wp\/v2\/types\/post"}],"author":[{"embeddable":true,"href":"https:\/\/www.abchukuk.com\/index.php\/wp-json\/wp\/v2\/users\/1"}],"replies":[{"embeddable":true,"href":"https:\/\/www.abchukuk.com\/index.php\/wp-json\/wp\/v2\/comments?post=42525"}],"version-history":[{"count":0,"href":"https:\/\/www.abchukuk.com\/index.php\/wp-json\/wp\/v2\/posts\/42525\/revisions"}],"wp:featuredmedia":[{"embeddable":true,"href":"https:\/\/www.abchukuk.com\/index.php\/wp-json\/wp\/v2\/media\/42526"}],"wp:attachment":[{"href":"https:\/\/www.abchukuk.com\/index.php\/wp-json\/wp\/v2\/media?parent=42525"}],"wp:term":[{"taxonomy":"category","embeddable":true,"href":"https:\/\/www.abchukuk.com\/index.php\/wp-json\/wp\/v2\/categories?post=42525"},{"taxonomy":"post_tag","embeddable":true,"href":"https:\/\/www.abchukuk.com\/index.php\/wp-json\/wp\/v2\/tags?post=42525"}],"curies":[{"name":"wp","href":"https:\/\/api.w.org\/{rel}","templated":true}]}}