{"id":42523,"date":"2026-09-04T12:57:00","date_gmt":"2026-09-04T12:57:00","guid":{"rendered":"https:\/\/www.abchukuk.com\/index.php\/2026\/09\/04\/son-dakika-ifadeye-cagrilmisti-melih-gokcek-agzinda-sakizla-adliyeye-geldi\/"},"modified":"2026-09-04T12:57:00","modified_gmt":"2026-09-04T12:57:00","slug":"son-dakika-ifadeye-cagrilmisti-melih-gokcek-agzinda-sakizla-adliyeye-geldi","status":"publish","type":"post","link":"https:\/\/www.abchukuk.com\/index.php\/2026\/09\/04\/son-dakika-ifadeye-cagrilmisti-melih-gokcek-agzinda-sakizla-adliyeye-geldi\/","title":{"rendered":"Son dakika&#8230; \u0130fadeye \u00e7a\u011fr\u0131lm\u0131\u015ft\u0131: Melih G\u00f6k\u00e7ek a\u011fz\u0131nda &#8216;sak\u0131zla&#8217; adliyeye geldi"},"content":{"rendered":"<p>Son dakika haberi&#8230; Eski Ankara B\u00fcy\u00fck\u015fehir Belediye Ba\u015fkan\u0131 Melih G\u00f6k\u00e7ek, hakk\u0131nda ba\u015flat\u0131lan soru\u015fturma kapsam\u0131nda ifade vermek i\u00e7in adliyeye geldi. G\u00f6k\u00e7ek&#8217;in ifade vermeye &#8220;sak\u0131z\u0131yla&#8221; gelmesi dikkat \u00e7ekti.Son dakika haberi&#8230; Eski Ankara B\u00fcy\u00fck\u015fehir Belediye Ba\u015fkan\u0131 Melih G\u00f6k\u00e7ek, hakk\u0131nda ba\u015flat\u0131lan soru\u015fturma kapsam\u0131nda ifade vermek i\u00e7in adliyeye geldi. G\u00f6k\u00e7ek&#8217;in ifade vermeye &#8220;sak\u0131z\u0131yla&#8221; gelmesi dikkat \u00e7ekti.\u00a0<a href=\"https:\/\/www.cumhuriyet.com.tr\/siyaset\/son-dakika-ifadeye-cagrilmisti-melih-gokcek-agzinda-sakizla-adliyeye-geldi-2534893\" target=\"_blank\" class=\"feedzy-rss-link-icon\">Read More<\/a><\/p>","protected":false},"excerpt":{"rendered":"<p>Son dakika haberi&#8230; Eski Ankara B\u00fcy\u00fck\u015fehir Belediye Ba\u015fkan\u0131 Melih G\u00f6k\u00e7ek, hakk\u0131nda ba\u015flat\u0131lan soru\u015fturma kapsam\u0131nda ifade vermek i\u00e7in adliyeye geldi. G\u00f6k\u00e7ek&#8217;in ifade vermeye &#8220;sak\u0131z\u0131yla&#8221; gelmesi dikkat \u00e7ekti.Son dakika haberi&#8230; Eski Ankara B\u00fcy\u00fck\u015fehir Belediye Ba\u015fkan\u0131 Melih G\u00f6k\u00e7ek, hakk\u0131nda ba\u015flat\u0131lan soru\u015fturma kapsam\u0131nda ifade vermek i\u00e7in adliyeye geldi. G\u00f6k\u00e7ek&#8217;in ifade vermeye &#8220;sak\u0131z\u0131yla&#8221; gelmesi dikkat \u00e7ekti.\u00a0Read More<\/p>\n","protected":false},"author":1,"featured_media":42524,"comment_status":"open","ping_status":"open","sticky":false,"template":"","format":"standard","meta":{"footnotes":"","_links_to":"","_links_to_target":""},"categories":[1],"tags":[],"class_list":["post-42523","post","type-post","status-publish","format-standard","has-post-thumbnail","hentry","category-haberler"],"_links":{"self":[{"href":"https:\/\/www.abchukuk.com\/index.php\/wp-json\/wp\/v2\/posts\/42523","targetHints":{"allow":["GET"]}}],"collection":[{"href":"https:\/\/www.abchukuk.com\/index.php\/wp-json\/wp\/v2\/posts"}],"about":[{"href":"https:\/\/www.abchukuk.com\/index.php\/wp-json\/wp\/v2\/types\/post"}],"author":[{"embeddable":true,"href":"https:\/\/www.abchukuk.com\/index.php\/wp-json\/wp\/v2\/users\/1"}],"replies":[{"embeddable":true,"href":"https:\/\/www.abchukuk.com\/index.php\/wp-json\/wp\/v2\/comments?post=42523"}],"version-history":[{"count":0,"href":"https:\/\/www.abchukuk.com\/index.php\/wp-json\/wp\/v2\/posts\/42523\/revisions"}],"wp:featuredmedia":[{"embeddable":true,"href":"https:\/\/www.abchukuk.com\/index.php\/wp-json\/wp\/v2\/media\/42524"}],"wp:attachment":[{"href":"https:\/\/www.abchukuk.com\/index.php\/wp-json\/wp\/v2\/media?parent=42523"}],"wp:term":[{"taxonomy":"category","embeddable":true,"href":"https:\/\/www.abchukuk.com\/index.php\/wp-json\/wp\/v2\/categories?post=42523"},{"taxonomy":"post_tag","embeddable":true,"href":"https:\/\/www.abchukuk.com\/index.php\/wp-json\/wp\/v2\/tags?post=42523"}],"curies":[{"name":"wp","href":"https:\/\/api.w.org\/{rel}","templated":true}]}}