{"id":42520,"date":"2026-09-04T13:06:32","date_gmt":"2026-09-04T13:06:32","guid":{"rendered":"https:\/\/www.abchukuk.com\/index.php\/2026\/09\/04\/melih-gokcek-supheli-sifatiyla-ifade-vermek-icin-adliyede\/"},"modified":"2026-09-04T13:06:32","modified_gmt":"2026-09-04T13:06:32","slug":"melih-gokcek-supheli-sifatiyla-ifade-vermek-icin-adliyede","status":"publish","type":"post","link":"https:\/\/www.abchukuk.com\/index.php\/2026\/09\/04\/melih-gokcek-supheli-sifatiyla-ifade-vermek-icin-adliyede\/","title":{"rendered":"Melih G\u00f6k\u00e7ek \u015f\u00fcpheli s\u0131fat\u0131yla ifade vermek i\u00e7in adliyede"},"content":{"rendered":"<p>Eski Ankara B\u00fcy\u00fck\u015fehir Belediye Ba\u015fkan\u0131 Melih G\u00f6k\u00e7ek \u015f\u00fcpheli s\u0131fat\u0131yla ifade vermek \u00fczere Ankara Adliyesi&#8217;ne gitti. G\u00f6k\u00e7ek hakk\u0131nda &#8220;yurt d\u0131\u015f\u0131ndaki \u015firketlere kay\u0131t d\u0131\u015f\u0131 para aktar\u0131ld\u0131\u011f\u0131&#8221; iddias\u0131yla soru\u015fturma s\u00fcr\u00fcyor.Eski Ankara B\u00fcy\u00fck\u015fehir Belediye Ba\u015fkan\u0131 Melih G\u00f6k\u00e7ek \u015f\u00fcpheli s\u0131fat\u0131yla ifade vermek \u00fczere Ankara Adliyesi&#8217;ne gitti. G\u00f6k\u00e7ek hakk\u0131nda &#8220;yurt d\u0131\u015f\u0131ndaki \u015firketlere kay\u0131t d\u0131\u015f\u0131 para aktar\u0131ld\u0131\u011f\u0131&#8221; iddias\u0131yla soru\u015fturma s\u00fcr\u00fcyor.\u00a0<a href=\"https:\/\/www.bbc.com\/turkce\/articles\/ckgwn4nj90lo?at_medium=RSS&amp;at_campaign=rss\" target=\"_blank\" class=\"feedzy-rss-link-icon\">Read More<\/a><\/p>","protected":false},"excerpt":{"rendered":"<p>Eski Ankara B\u00fcy\u00fck\u015fehir Belediye Ba\u015fkan\u0131 Melih G\u00f6k\u00e7ek \u015f\u00fcpheli s\u0131fat\u0131yla ifade vermek \u00fczere Ankara Adliyesi&#8217;ne gitti. G\u00f6k\u00e7ek hakk\u0131nda &#8220;yurt d\u0131\u015f\u0131ndaki \u015firketlere kay\u0131t d\u0131\u015f\u0131 para aktar\u0131ld\u0131\u011f\u0131&#8221; iddias\u0131yla soru\u015fturma s\u00fcr\u00fcyor.Eski Ankara B\u00fcy\u00fck\u015fehir Belediye Ba\u015fkan\u0131 Melih G\u00f6k\u00e7ek \u015f\u00fcpheli s\u0131fat\u0131yla ifade vermek \u00fczere Ankara Adliyesi&#8217;ne gitti. G\u00f6k\u00e7ek hakk\u0131nda &#8220;yurt d\u0131\u015f\u0131ndaki \u015firketlere kay\u0131t d\u0131\u015f\u0131 para aktar\u0131ld\u0131\u011f\u0131&#8221; iddias\u0131yla soru\u015fturma s\u00fcr\u00fcyor.\u00a0Read More<\/p>\n","protected":false},"author":1,"featured_media":42521,"comment_status":"open","ping_status":"open","sticky":false,"template":"","format":"standard","meta":{"footnotes":"","_links_to":"","_links_to_target":""},"categories":[1],"tags":[],"class_list":["post-42520","post","type-post","status-publish","format-standard","has-post-thumbnail","hentry","category-haberler"],"_links":{"self":[{"href":"https:\/\/www.abchukuk.com\/index.php\/wp-json\/wp\/v2\/posts\/42520","targetHints":{"allow":["GET"]}}],"collection":[{"href":"https:\/\/www.abchukuk.com\/index.php\/wp-json\/wp\/v2\/posts"}],"about":[{"href":"https:\/\/www.abchukuk.com\/index.php\/wp-json\/wp\/v2\/types\/post"}],"author":[{"embeddable":true,"href":"https:\/\/www.abchukuk.com\/index.php\/wp-json\/wp\/v2\/users\/1"}],"replies":[{"embeddable":true,"href":"https:\/\/www.abchukuk.com\/index.php\/wp-json\/wp\/v2\/comments?post=42520"}],"version-history":[{"count":0,"href":"https:\/\/www.abchukuk.com\/index.php\/wp-json\/wp\/v2\/posts\/42520\/revisions"}],"wp:featuredmedia":[{"embeddable":true,"href":"https:\/\/www.abchukuk.com\/index.php\/wp-json\/wp\/v2\/media\/42521"}],"wp:attachment":[{"href":"https:\/\/www.abchukuk.com\/index.php\/wp-json\/wp\/v2\/media?parent=42520"}],"wp:term":[{"taxonomy":"category","embeddable":true,"href":"https:\/\/www.abchukuk.com\/index.php\/wp-json\/wp\/v2\/categories?post=42520"},{"taxonomy":"post_tag","embeddable":true,"href":"https:\/\/www.abchukuk.com\/index.php\/wp-json\/wp\/v2\/tags?post=42520"}],"curies":[{"name":"wp","href":"https:\/\/api.w.org\/{rel}","templated":true}]}}