{"id":42518,"date":"2026-09-04T13:42:00","date_gmt":"2026-09-04T13:42:00","guid":{"rendered":"https:\/\/www.abchukuk.com\/index.php\/2026\/09\/04\/bakan-gurlek-duyurdu-yeni-nesil-suc-orgutlerine-agir-darbe-42-supheli-gozaltina-alindi\/"},"modified":"2026-09-04T13:42:00","modified_gmt":"2026-09-04T13:42:00","slug":"bakan-gurlek-duyurdu-yeni-nesil-suc-orgutlerine-agir-darbe-42-supheli-gozaltina-alindi","status":"publish","type":"post","link":"https:\/\/www.abchukuk.com\/index.php\/2026\/09\/04\/bakan-gurlek-duyurdu-yeni-nesil-suc-orgutlerine-agir-darbe-42-supheli-gozaltina-alindi\/","title":{"rendered":"Bakan G\u00fcrlek Duyurdu: Yeni Nesil Su\u00e7 \u00d6rg\u00fctlerine A\u011f\u0131r Darbe! 42 \u015e\u00fcpheli G\u00f6zalt\u0131na Al\u0131nd\u0131"},"content":{"rendered":"<p><a href=\"https:\/\/www.gercekgundem.com\/guncel\/bakan-gurlek-duyurdu-yeni-nesil-suc-orgutlerine-agir-darbe-42-supheli-gozaltina-alindi-578021\"><br \/>\n                                                            <img decoding=\"async\" src=\"https:\/\/i.gercekgundem.com\/2\/150\/84\/storage\/files\/images\/2026\/09\/04\/bakan-gurlek-duyurdu-yeni-nesil-suc-orgutlerine-agir-darbe-42-supheli-gozaltina-alindi-gqsq.jpg\" width=\"150\" height=\"84\" border=\"0\" align=\"right\" \/><br \/>\n                                                    <\/a><\/p>\n<h4>Adalet Bakan\u0131 Ak\u0131n G\u00fcrlek, Antalya&#8217;da 3 Kayseri&#8217;de ise bir olmak \u00fczere toplam 4 yeni nesil su\u00e7 \u00f6rg\u00fct\u00fcne operasyon d\u00fczenlendi\u011fini duyurdu. Operasyon kapsam\u0131nda 42 ki\u015fi g\u00f6zalt\u0131na al\u0131nd\u0131.<\/h4>\n<p>Adalet Bakan\u0131 Ak\u0131n G\u00fcrlek, Antalya&#8217;da 3 Kayseri&#8217;de ise bir olmak \u00fczere toplam 4 yeni nesil su\u00e7 \u00f6rg\u00fct\u00fcne operasyon d\u00fczenlendi\u011fini duyurdu. Operasyon kapsam\u0131nda 42 ki\u015fi g\u00f6zalt\u0131na al\u0131nd\u0131.\u00a0<a href=\"https:\/\/www.gercekgundem.com\/guncel\/bakan-gurlek-duyurdu-yeni-nesil-suc-orgutlerine-agir-darbe-42-supheli-gozaltina-alindi-578021\" target=\"_blank\" class=\"feedzy-rss-link-icon\">Read More<\/a><\/p>","protected":false},"excerpt":{"rendered":"<p>Adalet Bakan\u0131 Ak\u0131n G\u00fcrlek, Antalya&#8217;da 3 Kayseri&#8217;de ise bir olmak \u00fczere toplam 4 yeni nesil su\u00e7 \u00f6rg\u00fct\u00fcne operasyon d\u00fczenlendi\u011fini duyurdu. Operasyon kapsam\u0131nda 42 ki\u015fi g\u00f6zalt\u0131na al\u0131nd\u0131. Adalet Bakan\u0131 Ak\u0131n G\u00fcrlek, Antalya&#8217;da 3 Kayseri&#8217;de ise bir olmak \u00fczere toplam 4 yeni nesil su\u00e7 \u00f6rg\u00fct\u00fcne operasyon d\u00fczenlendi\u011fini duyurdu. Operasyon kapsam\u0131nda 42 ki\u015fi g\u00f6zalt\u0131na al\u0131nd\u0131.\u00a0Read More<\/p>\n","protected":false},"author":1,"featured_media":42519,"comment_status":"open","ping_status":"open","sticky":false,"template":"","format":"standard","meta":{"footnotes":"","_links_to":"","_links_to_target":""},"categories":[1],"tags":[],"class_list":["post-42518","post","type-post","status-publish","format-standard","has-post-thumbnail","hentry","category-haberler"],"_links":{"self":[{"href":"https:\/\/www.abchukuk.com\/index.php\/wp-json\/wp\/v2\/posts\/42518","targetHints":{"allow":["GET"]}}],"collection":[{"href":"https:\/\/www.abchukuk.com\/index.php\/wp-json\/wp\/v2\/posts"}],"about":[{"href":"https:\/\/www.abchukuk.com\/index.php\/wp-json\/wp\/v2\/types\/post"}],"author":[{"embeddable":true,"href":"https:\/\/www.abchukuk.com\/index.php\/wp-json\/wp\/v2\/users\/1"}],"replies":[{"embeddable":true,"href":"https:\/\/www.abchukuk.com\/index.php\/wp-json\/wp\/v2\/comments?post=42518"}],"version-history":[{"count":0,"href":"https:\/\/www.abchukuk.com\/index.php\/wp-json\/wp\/v2\/posts\/42518\/revisions"}],"wp:featuredmedia":[{"embeddable":true,"href":"https:\/\/www.abchukuk.com\/index.php\/wp-json\/wp\/v2\/media\/42519"}],"wp:attachment":[{"href":"https:\/\/www.abchukuk.com\/index.php\/wp-json\/wp\/v2\/media?parent=42518"}],"wp:term":[{"taxonomy":"category","embeddable":true,"href":"https:\/\/www.abchukuk.com\/index.php\/wp-json\/wp\/v2\/categories?post=42518"},{"taxonomy":"post_tag","embeddable":true,"href":"https:\/\/www.abchukuk.com\/index.php\/wp-json\/wp\/v2\/tags?post=42518"}],"curies":[{"name":"wp","href":"https:\/\/api.w.org\/{rel}","templated":true}]}}