{"id":42515,"date":"2026-09-04T13:52:00","date_gmt":"2026-09-04T13:52:00","guid":{"rendered":"https:\/\/www.abchukuk.com\/index.php\/2026\/09\/04\/son-dakika-buyukcekmece-belediyesi-davasi-5-ismin-tutuklulugunun-devamina-karar-verildi\/"},"modified":"2026-09-04T13:52:00","modified_gmt":"2026-09-04T13:52:00","slug":"son-dakika-buyukcekmece-belediyesi-davasi-5-ismin-tutuklulugunun-devamina-karar-verildi","status":"publish","type":"post","link":"https:\/\/www.abchukuk.com\/index.php\/2026\/09\/04\/son-dakika-buyukcekmece-belediyesi-davasi-5-ismin-tutuklulugunun-devamina-karar-verildi\/","title":{"rendered":"Son dakika&#8230; B\u00fcy\u00fck\u00e7ekmece Belediyesi davas\u0131: 5 ismin tutuklulu\u011funun devam\u0131na karar verildi"},"content":{"rendered":"<p>Son dakika haberi&#8230; B\u00fcy\u00fck\u00e7ekmece Belediye Ba\u015fkan\u0131 Hasan Akg\u00fcn\u2019\u00fcn de aralar\u0131nda bulundu\u011fu 5 tutuklu san\u0131\u011f\u0131n yarg\u0131land\u0131\u011f\u0131 davada tahliye karar\u0131 \u00e7\u0131kmad\u0131. Mahkeme, savc\u0131l\u0131\u011f\u0131n talebi do\u011frultusunda t\u00fcm tutuklular\u0131n cezaevinde kalmas\u0131na h\u00fckmederken, bir sonraki duru\u015fmay\u0131 16 Kas\u0131m\u2019a b\u0131rakt\u0131.Son dakika haberi&#8230; B\u00fcy\u00fck\u00e7ekmece Belediye Ba\u015fkan\u0131 Hasan Akg\u00fcn\u2019\u00fcn de aralar\u0131nda bulundu\u011fu 5 tutuklu san\u0131\u011f\u0131n yarg\u0131land\u0131\u011f\u0131 davada tahliye karar\u0131 \u00e7\u0131kmad\u0131. Mahkeme, savc\u0131l\u0131\u011f\u0131n talebi do\u011frultusunda t\u00fcm tutuklular\u0131n cezaevinde kalmas\u0131na h\u00fckmederken, bir sonraki duru\u015fmay\u0131 16 Kas\u0131m\u2019a b\u0131rakt\u0131.\u00a0<a href=\"https:\/\/www.cumhuriyet.com.tr\/siyaset\/son-dakika-buyukcekmece-belediyesi-davasi-5-ismin-de-tutuklulugunun-devamina-karar-verildi-2534912\" target=\"_blank\" class=\"feedzy-rss-link-icon\">Read More<\/a><\/p>","protected":false},"excerpt":{"rendered":"<p>Son dakika haberi&#8230; B\u00fcy\u00fck\u00e7ekmece Belediye Ba\u015fkan\u0131 Hasan Akg\u00fcn\u2019\u00fcn de aralar\u0131nda bulundu\u011fu 5 tutuklu san\u0131\u011f\u0131n yarg\u0131land\u0131\u011f\u0131 davada tahliye karar\u0131 \u00e7\u0131kmad\u0131. Mahkeme, savc\u0131l\u0131\u011f\u0131n talebi do\u011frultusunda t\u00fcm tutuklular\u0131n cezaevinde kalmas\u0131na h\u00fckmederken, bir sonraki duru\u015fmay\u0131 16 Kas\u0131m\u2019a b\u0131rakt\u0131.Son dakika haberi&#8230; B\u00fcy\u00fck\u00e7ekmece Belediye Ba\u015fkan\u0131 Hasan Akg\u00fcn\u2019\u00fcn de aralar\u0131nda bulundu\u011fu 5 tutuklu san\u0131\u011f\u0131n yarg\u0131land\u0131\u011f\u0131 davada tahliye karar\u0131 \u00e7\u0131kmad\u0131. Mahkeme, savc\u0131l\u0131\u011f\u0131n talebi [&hellip;]<\/p>\n","protected":false},"author":1,"featured_media":42516,"comment_status":"open","ping_status":"open","sticky":false,"template":"","format":"standard","meta":{"footnotes":"","_links_to":"","_links_to_target":""},"categories":[1],"tags":[],"class_list":["post-42515","post","type-post","status-publish","format-standard","has-post-thumbnail","hentry","category-haberler"],"_links":{"self":[{"href":"https:\/\/www.abchukuk.com\/index.php\/wp-json\/wp\/v2\/posts\/42515","targetHints":{"allow":["GET"]}}],"collection":[{"href":"https:\/\/www.abchukuk.com\/index.php\/wp-json\/wp\/v2\/posts"}],"about":[{"href":"https:\/\/www.abchukuk.com\/index.php\/wp-json\/wp\/v2\/types\/post"}],"author":[{"embeddable":true,"href":"https:\/\/www.abchukuk.com\/index.php\/wp-json\/wp\/v2\/users\/1"}],"replies":[{"embeddable":true,"href":"https:\/\/www.abchukuk.com\/index.php\/wp-json\/wp\/v2\/comments?post=42515"}],"version-history":[{"count":0,"href":"https:\/\/www.abchukuk.com\/index.php\/wp-json\/wp\/v2\/posts\/42515\/revisions"}],"wp:featuredmedia":[{"embeddable":true,"href":"https:\/\/www.abchukuk.com\/index.php\/wp-json\/wp\/v2\/media\/42516"}],"wp:attachment":[{"href":"https:\/\/www.abchukuk.com\/index.php\/wp-json\/wp\/v2\/media?parent=42515"}],"wp:term":[{"taxonomy":"category","embeddable":true,"href":"https:\/\/www.abchukuk.com\/index.php\/wp-json\/wp\/v2\/categories?post=42515"},{"taxonomy":"post_tag","embeddable":true,"href":"https:\/\/www.abchukuk.com\/index.php\/wp-json\/wp\/v2\/tags?post=42515"}],"curies":[{"name":"wp","href":"https:\/\/api.w.org\/{rel}","templated":true}]}}