{"id":42512,"date":"2026-09-04T10:26:51","date_gmt":"2026-09-04T10:26:51","guid":{"rendered":"https:\/\/www.abchukuk.com\/index.php\/2026\/09\/04\/alihan-kuris-suc-orgutu-sorusturmasinda-yeni-gelisme-5-sirkete-el-konuldu-irfan-yilmaza-gozalti-karari\/"},"modified":"2026-09-04T10:26:51","modified_gmt":"2026-09-04T10:26:51","slug":"alihan-kuris-suc-orgutu-sorusturmasinda-yeni-gelisme-5-sirkete-el-konuldu-irfan-yilmaza-gozalti-karari","status":"publish","type":"post","link":"https:\/\/www.abchukuk.com\/index.php\/2026\/09\/04\/alihan-kuris-suc-orgutu-sorusturmasinda-yeni-gelisme-5-sirkete-el-konuldu-irfan-yilmaza-gozalti-karari\/","title":{"rendered":"Alihan Kuri\u015f su\u00e7 \u00f6rg\u00fct\u00fc soru\u015fturmas\u0131nda yeni geli\u015fme: 5 \u015firkete el konuldu! \u0130rfan Y\u0131lmaz\u2019a g\u00f6zalt\u0131 karar\u0131!"},"content":{"rendered":"<p><strong>SON.TV\/ANKARA<\/strong><\/p>\n<p><strong>Ankara Cumhuriyet Ba\u015fsavc\u0131l\u0131\u011f\u0131<\/strong>n\u0131n <strong>Alihan Kuri\u015f<\/strong> su\u00e7 \u00f6rg\u00fct\u00fcne y\u00f6nelik y\u00fcr\u00fctt\u00fc\u011f\u00fc kapsaml\u0131 soru\u015fturma s\u00fcr\u00fcyor. Soru\u015fturman\u0131n mali boyutuna ili\u015fkin <strong>Mali<\/strong> <strong>Su\u00e7lar\u0131 Ara\u015ft\u0131rma Kurulu (MASAK)<\/strong> taraf\u0131ndan ger\u00e7ekle\u015ftirilen incelemelerde yeni bulgulara ula\u015f\u0131ld\u0131.<\/p>\n<p><strong>MASAK<\/strong>\u2019\u0131n tespitlerinin ard\u0131ndan Ba\u015fsavc\u0131l\u0131k, \u015f\u00fcpheli <strong>\u0130rfan Y\u0131lmaz<\/strong> ad\u0131na kay\u0131tl\u0131 5 \u015firket hakk\u0131nda el koyma karar\u0131 verdi.<\/p>\n<p><strong>MASAK \u015e\u0130RKETLERDEK\u0130 \u0130\u015eLEMLER\u0130 \u0130NCELED\u0130<\/strong><\/p>\n<p>Soru\u015fturma kapsam\u0131nda <strong>MASAK<\/strong> taraf\u0131ndan ger\u00e7ekle\u015ftirilen incelemelerde, \u015f\u00fcpheli <strong>\u0130rfan Y\u0131lmaz<\/strong> ad\u0131na kay\u0131tl\u0131 \u015firketlere ili\u015fkin i\u015flemler mercek alt\u0131na al\u0131nd\u0131.<\/p>\n<p>Yap\u0131lan incelemeler sonucunda s\u00f6z konusu \u015firketler \u00fczerinden ger\u00e7ekle\u015ftirilen i\u015flemlerin \u015f\u00fcpheli nitelikte oldu\u011fu tespit edildi.<\/p>\n<p><strong>5 \u015e\u0130RKET HAKKINDA EL KOYMA KARARI<\/strong><\/p>\n<p><strong>MASAK taraf\u0131ndan yap\u0131lan tespitlerin Ankara Cumhuriyet Ba\u015fsavc\u0131l\u0131\u011f\u0131na bildirilmesinin ard\u0131ndan 5 \u015firket hakk\u0131nda el koyma karar\u0131 verildi.<\/strong><\/p>\n<p><strong>El koyma karar\u0131 verilen \u015firketler \u015f\u00f6yle:<\/strong><\/p>\n<p><strong>Y\u0131lmaz Kimya \u0130n\u015faat Sanayi ve Ticaret Anonim \u015eirketi,<\/strong><\/p>\n<p><strong>Y\u0131lkim Kimya Sanayi ve D\u0131\u015f Ticaret Anonim \u015eirketi,<\/strong><\/p>\n<p><strong>Erimer Kimya Sanayi ve Ticaret Anonim \u015eirketi,<\/strong><\/p>\n<p><strong>Mie Giri\u015fimcilik ve Makine Anonim \u015eirketi,<\/strong><\/p>\n<p><strong>Astra Polimer Sanayi ve Ticaret Anonim \u015eirketi.<\/strong><\/p>\n<p><strong>\u0130RFAN YILMAZ HAKKINDA G\u00d6ZALTI KARARI<\/strong><\/p>\n<p>Soru\u015fturman\u0131n son a\u015famas\u0131nda \u015f\u00fcpheli <strong>\u0130rfan Y\u0131lmaz<\/strong> hakk\u0131nda da g\u00f6zalt\u0131 karar\u0131 verildi.<\/p>\n<p><strong>Y\u0131lmaz hakk\u0131nda;<\/strong><\/p>\n<p><strong>\u201csu\u00e7 \u00f6rg\u00fct\u00fcne \u00fcye olma\u201d,<\/strong><\/p>\n<p><strong>\u201ckamu kurum ve kurulu\u015flar\u0131n\u0131n zarar\u0131na doland\u0131r\u0131c\u0131l\u0131k\u201d<\/strong><\/p>\n<p><strong>ve \u201csu\u00e7tan kaynaklanan mal varl\u0131\u011f\u0131 de\u011ferlerini aklama\u201d<\/strong><\/p>\n<p><strong>su\u00e7lar\u0131ndan g\u00f6zalt\u0131 karar\u0131 \u00e7\u0131kar\u0131ld\u0131.<\/strong><\/p>\n<p><strong>SORU\u015eTURMADA MAL\u0130 YAPILANMA MERCEK ALTINDA<\/strong><\/p>\n<p><strong>Ankara Cumhuriyet Ba\u015fsavc\u0131l\u0131\u011f\u0131<\/strong> taraf\u0131ndan y\u00fcr\u00fct\u00fclen soru\u015fturmada, <strong>Alihan Kuri\u015f<\/strong> su\u00e7 \u00f6rg\u00fct\u00fcn\u00fcn faaliyetlerinin yan\u0131 s\u0131ra mali yap\u0131lanmas\u0131 ve su\u00e7tan elde edildi\u011fi de\u011ferlendirilen mal varl\u0131\u011f\u0131 de\u011ferleri de ara\u015ft\u0131r\u0131l\u0131yor.<\/p>\n<p>Soru\u015fturma kapsam\u0131nda daha \u00f6nce ger\u00e7ekle\u015ftirilen operasyonlarda \u00e7ok say\u0131da \u015f\u00fcpheli hakk\u0131nda g\u00f6zalt\u0131 ve tutuklama kararlar\u0131 verilmi\u015f, \u015firket ve dernekler hakk\u0131nda da tedbir kararlar\u0131 uygulanm\u0131\u015ft\u0131.<\/p>\n<p>13 A\u011fustos\u2019taki operasyonun ard\u0131ndan g\u00f6zalt\u0131na al\u0131nan \u015f\u00fcphelilerden <strong>Alihan Kuri\u015f<\/strong>\u2019in de aralar\u0131nda bulundu\u011fu 32 ki\u015fi tutuklanm\u0131\u015f, 6 ki\u015fi hakk\u0131nda adli kontrol karar\u0131 verilmi\u015fti.<\/p>\n<p><strong>\u00dc\u00c7\u00dcNC\u00dc DALGADA 54 \u015e\u00dcPHEL\u0130 HAKKINDA KARAR VER\u0130LM\u0130\u015eT\u0130<\/strong><\/p>\n<p>Soru\u015fturman\u0131n \u00fc\u00e7\u00fcnc\u00fc dalgas\u0131nda ise 54 \u015f\u00fcpheli hakk\u0131nda g\u00f6zalt\u0131 karar\u0131 verilmi\u015f, operasyon kapsam\u0131nda 11 \u015firket ile 3 derne\u011fe kayy\u0131m atanmas\u0131na karar verilmi\u015fti.<\/p>\n<p>Bu s\u00fcre\u00e7te g\u00f6zalt\u0131na al\u0131nan \u015f\u00fcphelilerden 35\u2019i hakk\u0131nda 29 A\u011fustos\u2019ta tutuklama, 2 \u015f\u00fcpheli hakk\u0131nda ise adli kontrol karar\u0131 verilmi\u015fti.<\/p>\n<p><strong>SORU\u015eTURMA \u00c7OK Y\u00d6NL\u00dc S\u00dcR\u00dcYOR<\/strong><\/p>\n<p><strong>Ba\u015fsavc\u0131l\u0131k, Alihan Kuri\u015f<\/strong> su\u00e7 \u00f6rg\u00fct\u00fcn\u00fcn faaliyetlerinin, mali yap\u0131lanmas\u0131n\u0131n ve su\u00e7tan elde edildi\u011fi de\u011ferlendirilen mal varl\u0131\u011f\u0131 de\u011ferlerinin ortaya \u00e7\u0131kar\u0131lmas\u0131na y\u00f6nelik \u00e7al\u0131\u015fmalar\u0131n \u00e7ok y\u00f6nl\u00fc ve titizlikle s\u00fcrd\u00fcr\u00fcld\u00fc\u011f\u00fcn\u00fc bildirdi.<\/p>\n<p>Son olarak <strong>MASAK<\/strong> incelemeleri do\u011frultusunda <strong>\u0130rfan<\/strong> <strong>Y\u0131lmaz<\/strong> ad\u0131na kay\u0131tl\u0131 5 \u015firket hakk\u0131nda el koyma, <strong>Y\u0131lmaz<\/strong> hakk\u0131nda ise \u00fc\u00e7 ayr\u0131 su\u00e7tan g\u00f6zalt\u0131 karar\u0131 verildi.<\/p>\n<p><strong>ET\u0130KETLER: #AlihanKuri\u015f #\u0130rfanY\u0131lmaz #AnkaraCumhuriyetBa\u015fsavc\u0131l\u0131\u011f\u0131 #MASAK #AlihanKuri\u015fSoru\u015fturmas\u0131 #ElKoyma #Su\u00e7\u00d6rg\u00fct\u00fc #Ankara<\/strong><\/p>\n<p>Ankara Cumhuriyet Ba\u015fsavc\u0131l\u0131\u011f\u0131nca Alihan Kuri\u015f su\u00e7 \u00f6rg\u00fct\u00fcne y\u00f6nelik y\u00fcr\u00fct\u00fclen soru\u015fturmada mali yap\u0131lanmaya ili\u015fkin yeni bir geli\u015fme ya\u015fand\u0131. MASAK incelemelerinde \u015f\u00fcpheli \u0130rfan Y\u0131lmaz ad\u0131na kay\u0131tl\u0131 \u015firketler \u00fczerinden \u015f\u00fcpheli i\u015flemler ger\u00e7ekle\u015ftirildi\u011finin tespit edilmesi \u00fczerine 5 \u015firket hakk\u0131nda el koyma karar\u0131 verildi. \u0130rfan Y\u0131lmaz hakk\u0131nda ise 3 ayr\u0131 su\u00e7tan g\u00f6zalt\u0131 karar\u0131 \u00e7\u0131kar\u0131ld\u0131.\u00a0<a href=\"https:\/\/www.son.tv\/alihan-kuris-suc-orgutu-sorusturmasinda-yeni-gelisme-5-sirkete-el-konuldu-irfan-yilmaza-gozalti-karari\/\" target=\"_blank\" class=\"feedzy-rss-link-icon\">Read More<\/a><\/p>","protected":false},"excerpt":{"rendered":"<p>SON.TV\/ANKARA Ankara Cumhuriyet Ba\u015fsavc\u0131l\u0131\u011f\u0131n\u0131n Alihan Kuri\u015f su\u00e7 \u00f6rg\u00fct\u00fcne y\u00f6nelik y\u00fcr\u00fctt\u00fc\u011f\u00fc kapsaml\u0131 soru\u015fturma s\u00fcr\u00fcyor. Soru\u015fturman\u0131n mali boyutuna ili\u015fkin Mali Su\u00e7lar\u0131 Ara\u015ft\u0131rma Kurulu (MASAK) taraf\u0131ndan ger\u00e7ekle\u015ftirilen incelemelerde yeni bulgulara ula\u015f\u0131ld\u0131. MASAK\u2019\u0131n tespitlerinin ard\u0131ndan Ba\u015fsavc\u0131l\u0131k, \u015f\u00fcpheli \u0130rfan Y\u0131lmaz ad\u0131na kay\u0131tl\u0131 5 \u015firket hakk\u0131nda el koyma karar\u0131 verdi. MASAK \u015e\u0130RKETLERDEK\u0130 \u0130\u015eLEMLER\u0130 \u0130NCELED\u0130 Soru\u015fturma kapsam\u0131nda MASAK taraf\u0131ndan ger\u00e7ekle\u015ftirilen incelemelerde, \u015f\u00fcpheli [&hellip;]<\/p>\n","protected":false},"author":1,"featured_media":0,"comment_status":"open","ping_status":"open","sticky":false,"template":"","format":"standard","meta":{"footnotes":"","_links_to":"","_links_to_target":""},"categories":[1],"tags":[],"class_list":["post-42512","post","type-post","status-publish","format-standard","hentry","category-haberler"],"_links":{"self":[{"href":"https:\/\/www.abchukuk.com\/index.php\/wp-json\/wp\/v2\/posts\/42512","targetHints":{"allow":["GET"]}}],"collection":[{"href":"https:\/\/www.abchukuk.com\/index.php\/wp-json\/wp\/v2\/posts"}],"about":[{"href":"https:\/\/www.abchukuk.com\/index.php\/wp-json\/wp\/v2\/types\/post"}],"author":[{"embeddable":true,"href":"https:\/\/www.abchukuk.com\/index.php\/wp-json\/wp\/v2\/users\/1"}],"replies":[{"embeddable":true,"href":"https:\/\/www.abchukuk.com\/index.php\/wp-json\/wp\/v2\/comments?post=42512"}],"version-history":[{"count":0,"href":"https:\/\/www.abchukuk.com\/index.php\/wp-json\/wp\/v2\/posts\/42512\/revisions"}],"wp:attachment":[{"href":"https:\/\/www.abchukuk.com\/index.php\/wp-json\/wp\/v2\/media?parent=42512"}],"wp:term":[{"taxonomy":"category","embeddable":true,"href":"https:\/\/www.abchukuk.com\/index.php\/wp-json\/wp\/v2\/categories?post=42512"},{"taxonomy":"post_tag","embeddable":true,"href":"https:\/\/www.abchukuk.com\/index.php\/wp-json\/wp\/v2\/tags?post=42512"}],"curies":[{"name":"wp","href":"https:\/\/api.w.org\/{rel}","templated":true}]}}