{"id":42510,"date":"2026-09-04T10:38:00","date_gmt":"2026-09-04T10:38:00","guid":{"rendered":"https:\/\/www.abchukuk.com\/index.php\/2026\/09\/04\/erdogana-suikast-timindeki-burkay-karatepe-ile-baglantili-suphelilere-operasyon-10-kisi-gozaltina-alindi\/"},"modified":"2026-09-04T10:38:00","modified_gmt":"2026-09-04T10:38:00","slug":"erdogana-suikast-timindeki-burkay-karatepe-ile-baglantili-suphelilere-operasyon-10-kisi-gozaltina-alindi","status":"publish","type":"post","link":"https:\/\/www.abchukuk.com\/index.php\/2026\/09\/04\/erdogana-suikast-timindeki-burkay-karatepe-ile-baglantili-suphelilere-operasyon-10-kisi-gozaltina-alindi\/","title":{"rendered":"Erdo\u011fan&#8217;a suikast timindeki Burkay Karatepe ile ba\u011flant\u0131l\u0131 \u015f\u00fcphelilere operasyon: 10 ki\u015fi g\u00f6zalt\u0131na al\u0131nd\u0131"},"content":{"rendered":"<p>15 Temmuz darbe giri\u015fiminde AKP&#8217;li Cumhurba\u015fkan\u0131 Recep Tayyip Erdo\u011fan&#8217;a y\u00f6nelik suikast timinde yer alan, 10 y\u0131l sonra yakalan\u0131p tutuklanan FET\u00d6 mensubu ihra\u00e7 y\u00fczba\u015f\u0131 Burkay Karatepe ile irtibatl\u0131 olduklar\u0131 ve kendisine maddi destek sa\u011flad\u0131klar\u0131 tespit edilen 10 \u015f\u00fcpheli, \u0130stanbul ve Eski\u015fehir&#8217;de d\u00fczenlenen operasyonla g\u00f6zalt\u0131na al\u0131nd\u0131.15 Temmuz darbe giri\u015fiminde AKP&#8217;li Cumhurba\u015fkan\u0131 Recep Tayyip Erdo\u011fan&#8217;a y\u00f6nelik suikast timinde yer alan, 10 y\u0131l sonra yakalan\u0131p tutuklanan FET\u00d6 mensubu ihra\u00e7 y\u00fczba\u015f\u0131 Burkay Karatepe ile irtibatl\u0131 olduklar\u0131 ve kendisine maddi destek sa\u011flad\u0131klar\u0131 tespit edilen 10 \u015f\u00fcpheli, \u0130stanbul ve Eski\u015fehir&#8217;de d\u00fczenlenen operasyonla g\u00f6zalt\u0131na al\u0131nd\u0131.\u00a0<a href=\"https:\/\/www.cumhuriyet.com.tr\/siyaset\/erdogan-a-suikast-timindeki-burkay-karatepe-ile-baglantili-suphelilere-operasyon-10-kisi-gozalti-2534869\" target=\"_blank\" class=\"feedzy-rss-link-icon\">Read More<\/a><\/p>","protected":false},"excerpt":{"rendered":"<p>15 Temmuz darbe giri\u015fiminde AKP&#8217;li Cumhurba\u015fkan\u0131 Recep Tayyip Erdo\u011fan&#8217;a y\u00f6nelik suikast timinde yer alan, 10 y\u0131l sonra yakalan\u0131p tutuklanan FET\u00d6 mensubu ihra\u00e7 y\u00fczba\u015f\u0131 Burkay Karatepe ile irtibatl\u0131 olduklar\u0131 ve kendisine maddi destek sa\u011flad\u0131klar\u0131 tespit edilen 10 \u015f\u00fcpheli, \u0130stanbul ve Eski\u015fehir&#8217;de d\u00fczenlenen operasyonla g\u00f6zalt\u0131na al\u0131nd\u0131.15 Temmuz darbe giri\u015fiminde AKP&#8217;li Cumhurba\u015fkan\u0131 Recep Tayyip Erdo\u011fan&#8217;a y\u00f6nelik suikast timinde [&hellip;]<\/p>\n","protected":false},"author":1,"featured_media":42511,"comment_status":"open","ping_status":"open","sticky":false,"template":"","format":"standard","meta":{"footnotes":"","_links_to":"","_links_to_target":""},"categories":[1],"tags":[],"class_list":["post-42510","post","type-post","status-publish","format-standard","has-post-thumbnail","hentry","category-haberler"],"_links":{"self":[{"href":"https:\/\/www.abchukuk.com\/index.php\/wp-json\/wp\/v2\/posts\/42510","targetHints":{"allow":["GET"]}}],"collection":[{"href":"https:\/\/www.abchukuk.com\/index.php\/wp-json\/wp\/v2\/posts"}],"about":[{"href":"https:\/\/www.abchukuk.com\/index.php\/wp-json\/wp\/v2\/types\/post"}],"author":[{"embeddable":true,"href":"https:\/\/www.abchukuk.com\/index.php\/wp-json\/wp\/v2\/users\/1"}],"replies":[{"embeddable":true,"href":"https:\/\/www.abchukuk.com\/index.php\/wp-json\/wp\/v2\/comments?post=42510"}],"version-history":[{"count":0,"href":"https:\/\/www.abchukuk.com\/index.php\/wp-json\/wp\/v2\/posts\/42510\/revisions"}],"wp:featuredmedia":[{"embeddable":true,"href":"https:\/\/www.abchukuk.com\/index.php\/wp-json\/wp\/v2\/media\/42511"}],"wp:attachment":[{"href":"https:\/\/www.abchukuk.com\/index.php\/wp-json\/wp\/v2\/media?parent=42510"}],"wp:term":[{"taxonomy":"category","embeddable":true,"href":"https:\/\/www.abchukuk.com\/index.php\/wp-json\/wp\/v2\/categories?post=42510"},{"taxonomy":"post_tag","embeddable":true,"href":"https:\/\/www.abchukuk.com\/index.php\/wp-json\/wp\/v2\/tags?post=42510"}],"curies":[{"name":"wp","href":"https:\/\/api.w.org\/{rel}","templated":true}]}}