{"id":42507,"date":"2026-09-04T11:15:00","date_gmt":"2026-09-04T11:15:00","guid":{"rendered":"https:\/\/www.abchukuk.com\/index.php\/2026\/09\/04\/son-dakika-ozgur-ozelden-uskudar-cikisi-millet-gozaltindayken-kapkac-yapacaklar\/"},"modified":"2026-09-04T11:15:00","modified_gmt":"2026-09-04T11:15:00","slug":"son-dakika-ozgur-ozelden-uskudar-cikisi-millet-gozaltindayken-kapkac-yapacaklar","status":"publish","type":"post","link":"https:\/\/www.abchukuk.com\/index.php\/2026\/09\/04\/son-dakika-ozgur-ozelden-uskudar-cikisi-millet-gozaltindayken-kapkac-yapacaklar\/","title":{"rendered":"Son Dakika&#8230; \u00d6zg\u00fcr \u00d6zel&#8217;den &#8216;\u00dcsk\u00fcdar&#8217; \u00e7\u0131k\u0131\u015f\u0131: &#8216;Millet g\u00f6zalt\u0131ndayken kapka\u00e7 yapacaklar!&#8217;"},"content":{"rendered":"<p>Son dakika geli\u015fmesi&#8230; YEN\u0130 Parti lideri \u00d6zg\u00fcr \u00d6zel, \u00c7orlu&#8217;da cuma namaz\u0131 sonras\u0131 a\u00e7\u0131klamalarda bulundu. \u00d6zel, \u00dcsk\u00fcdar Belediyesi&#8217;nde ya\u015fanan olaylara ili\u015fkin, &#8220;\u00fc\u00e7 ki\u015fi g\u00f6zalt\u0131ndayken yapacaklar\u0131 se\u00e7imle \u00dcsk\u00fcdar&#8217;a \u00e7\u00f6kecekler. B\u00f6yle bir hesab\u0131n i\u00e7indeler. Ak\u0131l alm\u0131yor, asla ak\u0131l alm\u0131yor&#8221; ifadelerini kulland\u0131.Son dakika geli\u015fmesi&#8230; YEN\u0130 Parti lideri \u00d6zg\u00fcr \u00d6zel, \u00c7orlu&#8217;da cuma namaz\u0131 sonras\u0131 a\u00e7\u0131klamalarda bulundu. \u00d6zel, \u00dcsk\u00fcdar Belediyesi&#8217;nde ya\u015fanan olaylara ili\u015fkin, &#8220;\u00fc\u00e7 ki\u015fi g\u00f6zalt\u0131ndayken yapacaklar\u0131 se\u00e7imle \u00dcsk\u00fcdar&#8217;a \u00e7\u00f6kecekler. B\u00f6yle bir hesab\u0131n i\u00e7indeler. Ak\u0131l alm\u0131yor, asla ak\u0131l alm\u0131yor&#8221; ifadelerini kulland\u0131.\u00a0<a href=\"https:\/\/www.cumhuriyet.com.tr\/siyaset\/son-dakika-ozgur-ozel-den-uskudar-cikisi-millet-gozaltindayken-kapkac-yapacaklar-2534875\" target=\"_blank\" class=\"feedzy-rss-link-icon\">Read More<\/a><\/p>","protected":false},"excerpt":{"rendered":"<p>Son dakika geli\u015fmesi&#8230; YEN\u0130 Parti lideri \u00d6zg\u00fcr \u00d6zel, \u00c7orlu&#8217;da cuma namaz\u0131 sonras\u0131 a\u00e7\u0131klamalarda bulundu. \u00d6zel, \u00dcsk\u00fcdar Belediyesi&#8217;nde ya\u015fanan olaylara ili\u015fkin, &#8220;\u00fc\u00e7 ki\u015fi g\u00f6zalt\u0131ndayken yapacaklar\u0131 se\u00e7imle \u00dcsk\u00fcdar&#8217;a \u00e7\u00f6kecekler. B\u00f6yle bir hesab\u0131n i\u00e7indeler. Ak\u0131l alm\u0131yor, asla ak\u0131l alm\u0131yor&#8221; ifadelerini kulland\u0131.Son dakika geli\u015fmesi&#8230; YEN\u0130 Parti lideri \u00d6zg\u00fcr \u00d6zel, \u00c7orlu&#8217;da cuma namaz\u0131 sonras\u0131 a\u00e7\u0131klamalarda bulundu. \u00d6zel, \u00dcsk\u00fcdar Belediyesi&#8217;nde ya\u015fanan [&hellip;]<\/p>\n","protected":false},"author":1,"featured_media":42508,"comment_status":"open","ping_status":"open","sticky":false,"template":"","format":"standard","meta":{"footnotes":"","_links_to":"","_links_to_target":""},"categories":[1],"tags":[],"class_list":["post-42507","post","type-post","status-publish","format-standard","has-post-thumbnail","hentry","category-haberler"],"_links":{"self":[{"href":"https:\/\/www.abchukuk.com\/index.php\/wp-json\/wp\/v2\/posts\/42507","targetHints":{"allow":["GET"]}}],"collection":[{"href":"https:\/\/www.abchukuk.com\/index.php\/wp-json\/wp\/v2\/posts"}],"about":[{"href":"https:\/\/www.abchukuk.com\/index.php\/wp-json\/wp\/v2\/types\/post"}],"author":[{"embeddable":true,"href":"https:\/\/www.abchukuk.com\/index.php\/wp-json\/wp\/v2\/users\/1"}],"replies":[{"embeddable":true,"href":"https:\/\/www.abchukuk.com\/index.php\/wp-json\/wp\/v2\/comments?post=42507"}],"version-history":[{"count":0,"href":"https:\/\/www.abchukuk.com\/index.php\/wp-json\/wp\/v2\/posts\/42507\/revisions"}],"wp:featuredmedia":[{"embeddable":true,"href":"https:\/\/www.abchukuk.com\/index.php\/wp-json\/wp\/v2\/media\/42508"}],"wp:attachment":[{"href":"https:\/\/www.abchukuk.com\/index.php\/wp-json\/wp\/v2\/media?parent=42507"}],"wp:term":[{"taxonomy":"category","embeddable":true,"href":"https:\/\/www.abchukuk.com\/index.php\/wp-json\/wp\/v2\/categories?post=42507"},{"taxonomy":"post_tag","embeddable":true,"href":"https:\/\/www.abchukuk.com\/index.php\/wp-json\/wp\/v2\/tags?post=42507"}],"curies":[{"name":"wp","href":"https:\/\/api.w.org\/{rel}","templated":true}]}}