{"id":42506,"date":"2026-09-04T11:16:12","date_gmt":"2026-09-04T11:16:12","guid":{"rendered":"https:\/\/www.abchukuk.com\/index.php\/2026\/09\/04\/doktoru-hakkinda-tutuklama-talebi\/"},"modified":"2026-09-04T11:16:12","modified_gmt":"2026-09-04T11:16:12","slug":"doktoru-hakkinda-tutuklama-talebi","status":"publish","type":"post","link":"https:\/\/www.abchukuk.com\/index.php\/2026\/09\/04\/doktoru-hakkinda-tutuklama-talebi\/","title":{"rendered":"Doktoru hakk\u0131nda tutuklama talebi"},"content":{"rendered":"<p>\u0130stanbul Beykoz&#8217;da 2016&#8217;da hayat\u0131n\u0131 kaybeden eski Ula\u015ft\u0131rma Bakan\u0131 Arif Ahmet Denizolgun&#8217;un \u00f6l\u00fcm\u00fcne ili\u015fkin soru\u015fturmada, &#8220;yalan tan\u0131kl\u0131k&#8221; iddias\u0131yla g\u00f6zalt\u0131na al\u0131nan doktoru Nurettin Demirkol, tutuklama talebiyle sulh ceza hakimli\u011fine sevk edildi\u0130stanbul Beykoz&#8217;da 2016&#8217;da hayat\u0131n\u0131 kaybeden eski Ula\u015ft\u0131rma Bakan\u0131 Arif Ahmet Denizolgun&#8217;un \u00f6l\u00fcm\u00fcne ili\u015fkin soru\u015fturmada, &#8220;yalan tan\u0131kl\u0131k&#8221; iddias\u0131yla g\u00f6zalt\u0131na al\u0131nan doktoru Nurettin Demirkol, tutuklama talebiyle sulh ceza hakimli\u011fine sevk edildi\u00a0<a href=\"https:\/\/www.haberturk.com\/gundem\/arif-ahmet-denizolgun-un-olumune-iliskin-gozaltina-alinan-doktoru-adliyede-3910207\" target=\"_blank\" class=\"feedzy-rss-link-icon\">Read More<\/a><\/p>","protected":false},"excerpt":{"rendered":"<p>\u0130stanbul Beykoz&#8217;da 2016&#8217;da hayat\u0131n\u0131 kaybeden eski Ula\u015ft\u0131rma Bakan\u0131 Arif Ahmet Denizolgun&#8217;un \u00f6l\u00fcm\u00fcne ili\u015fkin soru\u015fturmada, &#8220;yalan tan\u0131kl\u0131k&#8221; iddias\u0131yla g\u00f6zalt\u0131na al\u0131nan doktoru Nurettin Demirkol, tutuklama talebiyle sulh ceza hakimli\u011fine sevk edildi\u0130stanbul Beykoz&#8217;da 2016&#8217;da hayat\u0131n\u0131 kaybeden eski Ula\u015ft\u0131rma Bakan\u0131 Arif Ahmet Denizolgun&#8217;un \u00f6l\u00fcm\u00fcne ili\u015fkin soru\u015fturmada, &#8220;yalan tan\u0131kl\u0131k&#8221; iddias\u0131yla g\u00f6zalt\u0131na al\u0131nan doktoru Nurettin Demirkol, tutuklama talebiyle sulh ceza hakimli\u011fine [&hellip;]<\/p>\n","protected":false},"author":1,"featured_media":0,"comment_status":"open","ping_status":"open","sticky":false,"template":"","format":"standard","meta":{"footnotes":"","_links_to":"","_links_to_target":""},"categories":[1],"tags":[],"class_list":["post-42506","post","type-post","status-publish","format-standard","hentry","category-haberler"],"_links":{"self":[{"href":"https:\/\/www.abchukuk.com\/index.php\/wp-json\/wp\/v2\/posts\/42506","targetHints":{"allow":["GET"]}}],"collection":[{"href":"https:\/\/www.abchukuk.com\/index.php\/wp-json\/wp\/v2\/posts"}],"about":[{"href":"https:\/\/www.abchukuk.com\/index.php\/wp-json\/wp\/v2\/types\/post"}],"author":[{"embeddable":true,"href":"https:\/\/www.abchukuk.com\/index.php\/wp-json\/wp\/v2\/users\/1"}],"replies":[{"embeddable":true,"href":"https:\/\/www.abchukuk.com\/index.php\/wp-json\/wp\/v2\/comments?post=42506"}],"version-history":[{"count":0,"href":"https:\/\/www.abchukuk.com\/index.php\/wp-json\/wp\/v2\/posts\/42506\/revisions"}],"wp:attachment":[{"href":"https:\/\/www.abchukuk.com\/index.php\/wp-json\/wp\/v2\/media?parent=42506"}],"wp:term":[{"taxonomy":"category","embeddable":true,"href":"https:\/\/www.abchukuk.com\/index.php\/wp-json\/wp\/v2\/categories?post=42506"},{"taxonomy":"post_tag","embeddable":true,"href":"https:\/\/www.abchukuk.com\/index.php\/wp-json\/wp\/v2\/tags?post=42506"}],"curies":[{"name":"wp","href":"https:\/\/api.w.org\/{rel}","templated":true}]}}