{"id":42487,"date":"2026-09-04T08:49:18","date_gmt":"2026-09-04T08:49:18","guid":{"rendered":"https:\/\/www.abchukuk.com\/index.php\/2026\/09\/04\/fetonun-suikast-timindeki-burkay-karatepeye-yardim-edenlere-operasyon-10-gozalti-yapildi\/"},"modified":"2026-09-04T08:49:18","modified_gmt":"2026-09-04T08:49:18","slug":"fetonun-suikast-timindeki-burkay-karatepeye-yardim-edenlere-operasyon-10-gozalti-yapildi","status":"publish","type":"post","link":"https:\/\/www.abchukuk.com\/index.php\/2026\/09\/04\/fetonun-suikast-timindeki-burkay-karatepeye-yardim-edenlere-operasyon-10-gozalti-yapildi\/","title":{"rendered":"FET\u00d6\u2019n\u00fcn suikast timindeki Burkay Karatepe\u2019ye yard\u0131m edenlere operasyon: 10 g\u00f6zalt\u0131 yap\u0131ld\u0131!"},"content":{"rendered":"<p><strong>SON.TV\/MU\u011eLA<\/strong><\/p>\n<p><strong>Mu\u011fla Cumhuriyet Ba\u015fsavc\u0131l\u0131\u011f\u0131 Ter\u00f6r Su\u00e7lar\u0131 B\u00fcrosu<\/strong>nca y\u00fcr\u00fct\u00fclen soru\u015fturmada yeni bir operasyon ger\u00e7ekle\u015ftirildi. Ge\u00e7ti\u011fimiz ay <strong>Afyonkarahisar<\/strong>\u2019da yakalanarak tutuklanan <strong>Burkay Karatepe<\/strong> ile ba\u011flant\u0131l\u0131 olduklar\u0131 ve firari oldu\u011fu d\u00f6nemde kendisine maddi yard\u0131m sa\u011flad\u0131klar\u0131 tespit edilen \u015f\u00fcpheliler mercek alt\u0131na al\u0131nd\u0131.<\/p>\n<p><strong>\u0130STANBUL VE ESK\u0130\u015eEH\u0130R\u2019DE E\u015e ZAMANLI OPERASYON<\/strong><\/p>\n<p>Soru\u015fturma kapsam\u0131nda y\u00fcr\u00fct\u00fclen \u00e7al\u0131\u015fmalar\u0131n ard\u0131ndan <strong>\u0130stanbul\u2019<\/strong>da 5, <strong>Eski\u015fehir<\/strong>\u2019de 5 olmak \u00fczere toplam 10 \u015f\u00fcpheli belirlendi.<\/p>\n<p>\u015e\u00fcphelilerin yakalanmas\u0131 amac\u0131yla iki ilde e\u015f zamanl\u0131 operasyon d\u00fczenlendi. Operasyonlarda 10 \u015f\u00fcphelinin tamam\u0131 g\u00f6zalt\u0131na al\u0131nd\u0131.<\/p>\n<p><strong>D\u0130J\u0130TAL MATERYALLERE EL KONULDU<\/strong><\/p>\n<p>Operasyon kapsam\u0131nda \u015f\u00fcphelilerin adreslerinde de aramalar ger\u00e7ekle\u015ftirildi.<\/p>\n<p>Aramalarda ele ge\u00e7irilen \u00e7ok say\u0131da dijital materyale incelenmek \u00fczere el konuldu. Soru\u015fturma kapsam\u0131nda \u015f\u00fcphelilerin <strong>Burkay Karatepe<\/strong> ile ba\u011flant\u0131lar\u0131 ve firari oldu\u011fu d\u00f6nemde sa\u011fland\u0131\u011f\u0131 belirlenen maddi deste\u011fe ili\u015fkin incelemelerin s\u00fcrd\u00fc\u011f\u00fc \u00f6\u011frenildi.<\/p>\n<p><strong>\u015e\u00dcPHEL\u0130LER MU\u011eLA\u2019YA GET\u0130R\u0130LECEK<\/strong><\/p>\n<p><strong>\u0130stanbul<\/strong> ve <strong>Eski\u015fehir<\/strong>\u2019de g\u00f6zalt\u0131na al\u0131nan 10 \u015f\u00fcphelinin bulunduklar\u0131 illerdeki i\u015flemlerinin ard\u0131ndan <strong>Mu\u011fla Emniyet M\u00fcd\u00fcrl\u00fc\u011f\u00fc<\/strong> ekiplerine teslim edilmesi bekleniyor.<\/p>\n<p>\u015e\u00fcphelilerin <strong>Mu\u011fla<\/strong>\u2019ya getirilerek soru\u015fturma kapsam\u0131nda i\u015flemlerine devam edilece\u011fi \u00f6\u011frenildi.<\/p>\n<p><strong>BURKAY KARATEPE 10 YIL SONRA YAKALANMI\u015eTI<\/strong><\/p>\n<p><strong>FET\u00d6\u2019<\/strong>n\u00fcn <strong>15 Temmuz 2016\u2019<\/strong>daki darbe giri\u015fimi s\u0131ras\u0131nda Cumhurba\u015fkan\u0131 <strong>Recep Tayyip Erdo\u011fa<\/strong>n\u2019a y\u00f6nelik <strong>Marmaris<\/strong>\u2019te ger\u00e7ekle\u015ftirilen suikast giri\u015fiminde yer alan eski y\u00fczba\u015f\u0131 <strong>Burkay Karatepe,<\/strong> uzun s\u00fcredir firari olarak aran\u0131yordu.<\/p>\n<p><strong>Mu\u011fla Cumhuriyet Ba\u015fsavc\u0131l\u0131\u011f\u0131<\/strong> koordinesinde y\u00fcr\u00fct\u00fclen \u00e7al\u0131\u015fmalar sonucunda <strong>Karatepe<\/strong>, 1 A\u011fustos 2026 tarihinde <strong>Afyonkarahisar\u2019<\/strong>da yakaland\u0131.<\/p>\n<p><strong>Mu\u011fla<\/strong>\u2019ya getirilen <strong>Karatepe<\/strong>, emniyetteki i\u015flemlerinin ard\u0131ndan <strong>5 A\u011fustos\u2019ta<\/strong> adliyeye sevk edildi ve \u00e7\u0131kar\u0131ld\u0131\u011f\u0131 mahkemece tutuklanarak cezaevine g\u00f6nderildi.<\/p>\n<p><strong>ABLASI DA TUTUKLANDI<\/strong><\/p>\n<p><strong>Karatepe\u2019<\/strong>nin yakalanmas\u0131n\u0131n ard\u0131ndan y\u00fcr\u00fct\u00fclen soru\u015fturma kapsam\u0131nda ablas\u0131 <strong>Ay\u015fe Alanur Karatepe<\/strong> hakk\u0131nda da i\u015flem yap\u0131ld\u0131.<\/p>\n<p>Yap\u0131lan \u00e7al\u0131\u015fmalarda <strong>Ay\u015fe Alanur Karatepe<\/strong>\u2019nin, <strong>Burkay Karatepe\u2019<\/strong>nin firari oldu\u011fu d\u00f6nemde kendisiyle e-posta \u00fczerinden haberle\u015fti\u011fi tespit edildi.<\/p>\n<p><strong>Ay\u015fe Alanur Karatepe,<\/strong> 6 A\u011fustos\u2019ta <strong>Mu\u011fla<\/strong>\u2019n\u0131n <strong>Mente\u015fe<\/strong> il\u00e7esinde yakaland\u0131. Emniyetteki i\u015flemlerinin ard\u0131ndan 10 A\u011fustos\u2019ta adli mercilere sevk edilen <strong>Karatepe<\/strong>, <strong>FET\u00d6<\/strong> silahl\u0131 ter\u00f6r \u00f6rg\u00fct\u00fcne \u00fcye olmak su\u00e7undan tutuklanarak cezaevine g\u00f6nderildi.<\/p>\n<p><strong>SORU\u015eTURMA GEN\u0130\u015eLET\u0130LD\u0130<\/strong><\/p>\n<p><strong>Burkay Karatepe<\/strong>\u2019nin yakalanmas\u0131n\u0131n ard\u0131ndan elde edilen bulgular ve dijital materyaller \u00fczerindeki incelemeler do\u011frultusunda soru\u015fturman\u0131n ba\u011flant\u0131l\u0131 ki\u015filere y\u00f6nelik geni\u015fletildi\u011fi belirtildi.<\/p>\n<p>Son operasyonla birlikte <strong>Karatepe<\/strong>\u2019ye firari oldu\u011fu d\u00f6nemde maddi yard\u0131mda bulunduklar\u0131 belirlenen 10 \u015f\u00fcpheli g\u00f6zalt\u0131na al\u0131nm\u0131\u015f oldu.<\/p>\n<p><strong>ET\u0130KETLER: #BurkayKaratepe #FET\u00d6 #Mu\u011fla #Mu\u011flaCumhuriyetBa\u015fsavc\u0131l\u0131\u011f\u0131 #15Temmuz #SuikastTimi #\u0130stanbul #Eski\u015fehir #Operasyon<\/strong><\/p>\n<p>FET\u00d6\u2019n\u00fcn 15 Temmuz darbe giri\u015fimi s\u0131ras\u0131nda Cumhurba\u015fkan\u0131 Recep Tayyip Erdo\u011fan\u2019a y\u00f6nelik suikast timinde yer alan eski y\u00fczba\u015f\u0131 Burkay Karatepe\u2019ye firari oldu\u011fu d\u00f6nemde maddi destek sa\u011flad\u0131klar\u0131 belirlenen \u015f\u00fcphelilere y\u00f6nelik operasyon d\u00fczenlendi. \u0130stanbul ve Eski\u015fehir\u2019de ger\u00e7ekle\u015ftirilen e\u015f zamanl\u0131 operasyonlarda toplam 10 \u015f\u00fcpheli g\u00f6zalt\u0131na al\u0131nd\u0131.\u00a0<a href=\"https:\/\/www.son.tv\/fetonun-suikast-timindeki-burkay-karatepeye-yardim-edenlere-operasyon-10-gozalti-yapildi\/\" target=\"_blank\" class=\"feedzy-rss-link-icon\">Read More<\/a><\/p>","protected":false},"excerpt":{"rendered":"<p>SON.TV\/MU\u011eLA Mu\u011fla Cumhuriyet Ba\u015fsavc\u0131l\u0131\u011f\u0131 Ter\u00f6r Su\u00e7lar\u0131 B\u00fcrosunca y\u00fcr\u00fct\u00fclen soru\u015fturmada yeni bir operasyon ger\u00e7ekle\u015ftirildi. Ge\u00e7ti\u011fimiz ay Afyonkarahisar\u2019da yakalanarak tutuklanan Burkay Karatepe ile ba\u011flant\u0131l\u0131 olduklar\u0131 ve firari oldu\u011fu d\u00f6nemde kendisine maddi yard\u0131m sa\u011flad\u0131klar\u0131 tespit edilen \u015f\u00fcpheliler mercek alt\u0131na al\u0131nd\u0131. \u0130STANBUL VE ESK\u0130\u015eEH\u0130R\u2019DE E\u015e ZAMANLI OPERASYON Soru\u015fturma kapsam\u0131nda y\u00fcr\u00fct\u00fclen \u00e7al\u0131\u015fmalar\u0131n ard\u0131ndan \u0130stanbul\u2019da 5, Eski\u015fehir\u2019de 5 olmak \u00fczere toplam [&hellip;]<\/p>\n","protected":false},"author":1,"featured_media":0,"comment_status":"open","ping_status":"open","sticky":false,"template":"","format":"standard","meta":{"footnotes":"","_links_to":"","_links_to_target":""},"categories":[1],"tags":[],"class_list":["post-42487","post","type-post","status-publish","format-standard","hentry","category-haberler"],"_links":{"self":[{"href":"https:\/\/www.abchukuk.com\/index.php\/wp-json\/wp\/v2\/posts\/42487","targetHints":{"allow":["GET"]}}],"collection":[{"href":"https:\/\/www.abchukuk.com\/index.php\/wp-json\/wp\/v2\/posts"}],"about":[{"href":"https:\/\/www.abchukuk.com\/index.php\/wp-json\/wp\/v2\/types\/post"}],"author":[{"embeddable":true,"href":"https:\/\/www.abchukuk.com\/index.php\/wp-json\/wp\/v2\/users\/1"}],"replies":[{"embeddable":true,"href":"https:\/\/www.abchukuk.com\/index.php\/wp-json\/wp\/v2\/comments?post=42487"}],"version-history":[{"count":0,"href":"https:\/\/www.abchukuk.com\/index.php\/wp-json\/wp\/v2\/posts\/42487\/revisions"}],"wp:attachment":[{"href":"https:\/\/www.abchukuk.com\/index.php\/wp-json\/wp\/v2\/media?parent=42487"}],"wp:term":[{"taxonomy":"category","embeddable":true,"href":"https:\/\/www.abchukuk.com\/index.php\/wp-json\/wp\/v2\/categories?post=42487"},{"taxonomy":"post_tag","embeddable":true,"href":"https:\/\/www.abchukuk.com\/index.php\/wp-json\/wp\/v2\/tags?post=42487"}],"curies":[{"name":"wp","href":"https:\/\/api.w.org\/{rel}","templated":true}]}}