{"id":42485,"date":"2026-09-04T08:59:00","date_gmt":"2026-09-04T08:59:00","guid":{"rendered":"https:\/\/www.abchukuk.com\/index.php\/2026\/09\/04\/zeynep-yildirim-cinayeti-6-supheli-adliyeye-sevk-edildi\/"},"modified":"2026-09-04T08:59:00","modified_gmt":"2026-09-04T08:59:00","slug":"zeynep-yildirim-cinayeti-6-supheli-adliyeye-sevk-edildi","status":"publish","type":"post","link":"https:\/\/www.abchukuk.com\/index.php\/2026\/09\/04\/zeynep-yildirim-cinayeti-6-supheli-adliyeye-sevk-edildi\/","title":{"rendered":"Zeynep Y\u0131ld\u0131r\u0131m cinayeti: 6 \u015f\u00fcpheli adliyeye sevk edildi"},"content":{"rendered":"<p>\u0130stanbul\u2019da 2022 y\u0131l\u0131nda tedavi ama\u00e7l\u0131 getirildi\u011fi hastaneden kendi iste\u011fiyle ayr\u0131ld\u0131ktan sonra kaybolan Zeynep Y\u0131ld\u0131r\u0131m\u2019\u0131n (17) \u00f6ld\u00fcr\u00fcld\u00fc\u011f\u00fc ortaya \u00e7\u0131kt\u0131. Cinayet zanl\u0131s\u0131 Fethi D., Zeynep Y\u0131ld\u0131r\u0131m\u2019\u0131 abisi Ya\u015far D\u2019nin evde koltukta bo\u011fdu\u011funu daha sonra beraber k\u00f6m\u00fcrl\u00fc\u011fe g\u00f6md\u00fcklerini s\u00f6yledi. Fethi D. ile abisi Ya\u015far D\u2019nin de aralar\u0131nda bulundu\u011fu 6 \u015f\u00fcpheli sabah saatlerinde Asayi\u015f \u015eube M\u00fcd\u00fcrl\u00fc\u011f\u00fc\u2019ndeki i\u015flemlerinin ard\u0131ndan adliyeye sevk edildi.\u0130stanbul\u2019da 2022 y\u0131l\u0131nda tedavi ama\u00e7l\u0131 getirildi\u011fi hastaneden kendi iste\u011fiyle ayr\u0131ld\u0131ktan sonra kaybolan Zeynep Y\u0131ld\u0131r\u0131m\u2019\u0131n (17) \u00f6ld\u00fcr\u00fcld\u00fc\u011f\u00fc ortaya \u00e7\u0131kt\u0131. Cinayet zanl\u0131s\u0131 Fethi D., Zeynep Y\u0131ld\u0131r\u0131m\u2019\u0131 abisi Ya\u015far D\u2019nin evde koltukta bo\u011fdu\u011funu daha sonra beraber k\u00f6m\u00fcrl\u00fc\u011fe g\u00f6md\u00fcklerini s\u00f6yledi. Fethi D. ile abisi Ya\u015far D\u2019nin de aralar\u0131nda bulundu\u011fu 6 \u015f\u00fcpheli sabah saatlerinde Asayi\u015f \u015eube M\u00fcd\u00fcrl\u00fc\u011f\u00fc\u2019ndeki i\u015flemlerinin ard\u0131ndan adliyeye sevk edildi.\u00a0<a href=\"https:\/\/www.cumhuriyet.com.tr\/turkiye\/zeynep-yildirim-cinayeti-6-supheli-adliyeye-sevk-edildi-2534846\" target=\"_blank\" class=\"feedzy-rss-link-icon\">Read More<\/a><\/p>","protected":false},"excerpt":{"rendered":"<p>\u0130stanbul\u2019da 2022 y\u0131l\u0131nda tedavi ama\u00e7l\u0131 getirildi\u011fi hastaneden kendi iste\u011fiyle ayr\u0131ld\u0131ktan sonra kaybolan Zeynep Y\u0131ld\u0131r\u0131m\u2019\u0131n (17) \u00f6ld\u00fcr\u00fcld\u00fc\u011f\u00fc ortaya \u00e7\u0131kt\u0131. Cinayet zanl\u0131s\u0131 Fethi D., Zeynep Y\u0131ld\u0131r\u0131m\u2019\u0131 abisi Ya\u015far D\u2019nin evde koltukta bo\u011fdu\u011funu daha sonra beraber k\u00f6m\u00fcrl\u00fc\u011fe g\u00f6md\u00fcklerini s\u00f6yledi. Fethi D. ile abisi Ya\u015far D\u2019nin de aralar\u0131nda bulundu\u011fu 6 \u015f\u00fcpheli sabah saatlerinde Asayi\u015f \u015eube M\u00fcd\u00fcrl\u00fc\u011f\u00fc\u2019ndeki i\u015flemlerinin ard\u0131ndan adliyeye [&hellip;]<\/p>\n","protected":false},"author":1,"featured_media":42486,"comment_status":"open","ping_status":"open","sticky":false,"template":"","format":"standard","meta":{"footnotes":"","_links_to":"","_links_to_target":""},"categories":[1],"tags":[],"class_list":["post-42485","post","type-post","status-publish","format-standard","has-post-thumbnail","hentry","category-haberler"],"_links":{"self":[{"href":"https:\/\/www.abchukuk.com\/index.php\/wp-json\/wp\/v2\/posts\/42485","targetHints":{"allow":["GET"]}}],"collection":[{"href":"https:\/\/www.abchukuk.com\/index.php\/wp-json\/wp\/v2\/posts"}],"about":[{"href":"https:\/\/www.abchukuk.com\/index.php\/wp-json\/wp\/v2\/types\/post"}],"author":[{"embeddable":true,"href":"https:\/\/www.abchukuk.com\/index.php\/wp-json\/wp\/v2\/users\/1"}],"replies":[{"embeddable":true,"href":"https:\/\/www.abchukuk.com\/index.php\/wp-json\/wp\/v2\/comments?post=42485"}],"version-history":[{"count":0,"href":"https:\/\/www.abchukuk.com\/index.php\/wp-json\/wp\/v2\/posts\/42485\/revisions"}],"wp:featuredmedia":[{"embeddable":true,"href":"https:\/\/www.abchukuk.com\/index.php\/wp-json\/wp\/v2\/media\/42486"}],"wp:attachment":[{"href":"https:\/\/www.abchukuk.com\/index.php\/wp-json\/wp\/v2\/media?parent=42485"}],"wp:term":[{"taxonomy":"category","embeddable":true,"href":"https:\/\/www.abchukuk.com\/index.php\/wp-json\/wp\/v2\/categories?post=42485"},{"taxonomy":"post_tag","embeddable":true,"href":"https:\/\/www.abchukuk.com\/index.php\/wp-json\/wp\/v2\/tags?post=42485"}],"curies":[{"name":"wp","href":"https:\/\/api.w.org\/{rel}","templated":true}]}}