{"id":42483,"date":"2026-09-04T09:05:00","date_gmt":"2026-09-04T09:05:00","guid":{"rendered":"https:\/\/www.abchukuk.com\/index.php\/2026\/09\/04\/oya-lale-ozan-arslan-kimdir-lale-ozan-arslan-kac-yasinda-nereli-oya-lale-ozan-arslan-neden-gozaltina-alindi\/"},"modified":"2026-09-04T09:05:00","modified_gmt":"2026-09-04T09:05:00","slug":"oya-lale-ozan-arslan-kimdir-lale-ozan-arslan-kac-yasinda-nereli-oya-lale-ozan-arslan-neden-gozaltina-alindi","status":"publish","type":"post","link":"https:\/\/www.abchukuk.com\/index.php\/2026\/09\/04\/oya-lale-ozan-arslan-kimdir-lale-ozan-arslan-kac-yasinda-nereli-oya-lale-ozan-arslan-neden-gozaltina-alindi\/","title":{"rendered":"Oya Lale \u00d6zan Arslan kimdir? Lale \u00d6zan Arslan ka\u00e7 ya\u015f\u0131nda, nereli? Oya Lale \u00d6zan Arslan neden g\u00f6zalt\u0131na al\u0131nd\u0131?"},"content":{"rendered":"<p>Sosyal medya ve YouTube platformundaki yay\u0131nlar\u0131 nedeniyle gazeteci Lale \u00d6zan Arslan hakk\u0131nda y\u00fcr\u00fct\u00fclen soru\u015fturma kapsam\u0131nda g\u00f6zalt\u0131 karar\u0131 verildi. Ekipler taraf\u0131ndan g\u00f6zalt\u0131na al\u0131nan Arslan&#8217;\u0131n evindeki dijital materyallere el konuldu. Peki, Lale \u00d6zan Arslan kimdir? Lale \u00d6zan Arslan ka\u00e7 ya\u015f\u0131nda, nereli?Sosyal medya ve YouTube platformundaki yay\u0131nlar\u0131 nedeniyle gazeteci Lale \u00d6zan Arslan hakk\u0131nda y\u00fcr\u00fct\u00fclen soru\u015fturma kapsam\u0131nda g\u00f6zalt\u0131 karar\u0131 verildi. Ekipler taraf\u0131ndan g\u00f6zalt\u0131na al\u0131nan Arslan&#8217;\u0131n evindeki dijital materyallere el konuldu. Peki, Lale \u00d6zan Arslan kimdir? Lale \u00d6zan Arslan ka\u00e7 ya\u015f\u0131nda, nereli?\u00a0<a href=\"https:\/\/www.cumhuriyet.com.tr\/yasam\/oya-lale-ozan-arslan-kimdir-lale-ozan-arslan-kac-yasinda-nereli-oya-lale-ozan-arslan-neden-gozaltina-alindi-2534847\" target=\"_blank\" class=\"feedzy-rss-link-icon\">Read More<\/a><\/p>","protected":false},"excerpt":{"rendered":"<p>Sosyal medya ve YouTube platformundaki yay\u0131nlar\u0131 nedeniyle gazeteci Lale \u00d6zan Arslan hakk\u0131nda y\u00fcr\u00fct\u00fclen soru\u015fturma kapsam\u0131nda g\u00f6zalt\u0131 karar\u0131 verildi. Ekipler taraf\u0131ndan g\u00f6zalt\u0131na al\u0131nan Arslan&#8217;\u0131n evindeki dijital materyallere el konuldu. Peki, Lale \u00d6zan Arslan kimdir? Lale \u00d6zan Arslan ka\u00e7 ya\u015f\u0131nda, nereli?Sosyal medya ve YouTube platformundaki yay\u0131nlar\u0131 nedeniyle gazeteci Lale \u00d6zan Arslan hakk\u0131nda y\u00fcr\u00fct\u00fclen soru\u015fturma kapsam\u0131nda g\u00f6zalt\u0131 karar\u0131 [&hellip;]<\/p>\n","protected":false},"author":1,"featured_media":42484,"comment_status":"open","ping_status":"open","sticky":false,"template":"","format":"standard","meta":{"footnotes":"","_links_to":"","_links_to_target":""},"categories":[1],"tags":[],"class_list":["post-42483","post","type-post","status-publish","format-standard","has-post-thumbnail","hentry","category-haberler"],"_links":{"self":[{"href":"https:\/\/www.abchukuk.com\/index.php\/wp-json\/wp\/v2\/posts\/42483","targetHints":{"allow":["GET"]}}],"collection":[{"href":"https:\/\/www.abchukuk.com\/index.php\/wp-json\/wp\/v2\/posts"}],"about":[{"href":"https:\/\/www.abchukuk.com\/index.php\/wp-json\/wp\/v2\/types\/post"}],"author":[{"embeddable":true,"href":"https:\/\/www.abchukuk.com\/index.php\/wp-json\/wp\/v2\/users\/1"}],"replies":[{"embeddable":true,"href":"https:\/\/www.abchukuk.com\/index.php\/wp-json\/wp\/v2\/comments?post=42483"}],"version-history":[{"count":0,"href":"https:\/\/www.abchukuk.com\/index.php\/wp-json\/wp\/v2\/posts\/42483\/revisions"}],"wp:featuredmedia":[{"embeddable":true,"href":"https:\/\/www.abchukuk.com\/index.php\/wp-json\/wp\/v2\/media\/42484"}],"wp:attachment":[{"href":"https:\/\/www.abchukuk.com\/index.php\/wp-json\/wp\/v2\/media?parent=42483"}],"wp:term":[{"taxonomy":"category","embeddable":true,"href":"https:\/\/www.abchukuk.com\/index.php\/wp-json\/wp\/v2\/categories?post=42483"},{"taxonomy":"post_tag","embeddable":true,"href":"https:\/\/www.abchukuk.com\/index.php\/wp-json\/wp\/v2\/tags?post=42483"}],"curies":[{"name":"wp","href":"https:\/\/api.w.org\/{rel}","templated":true}]}}