{"id":42482,"date":"2026-09-04T09:05:58","date_gmt":"2026-09-04T09:05:58","guid":{"rendered":"https:\/\/www.abchukuk.com\/index.php\/2026\/09\/04\/oya-lale-arslan-gozaltina-alindi-iki-ayri-suctan-sorusturma-baslatildi\/"},"modified":"2026-09-04T09:05:58","modified_gmt":"2026-09-04T09:05:58","slug":"oya-lale-arslan-gozaltina-alindi-iki-ayri-suctan-sorusturma-baslatildi","status":"publish","type":"post","link":"https:\/\/www.abchukuk.com\/index.php\/2026\/09\/04\/oya-lale-arslan-gozaltina-alindi-iki-ayri-suctan-sorusturma-baslatildi\/","title":{"rendered":"Oya Lale Arslan g\u00f6zalt\u0131na al\u0131nd\u0131! \u0130ki ayr\u0131 su\u00e7tan soru\u015fturma ba\u015flat\u0131ld\u0131!"},"content":{"rendered":"<p><strong>SON.TV\/ANKARA<\/strong><\/p>\n<p><strong>Ankara Cumhuriyet Ba\u015fsavc\u0131l\u0131\u011f\u0131<\/strong>n\u0131n talimat\u0131yla y\u00fcr\u00fct\u00fclen soru\u015fturma kapsam\u0131nda <strong>Oya Lale Arslan<\/strong> hakk\u0131nda g\u00f6zalt\u0131 karar\u0131 verildi.<\/p>\n<p>Karar\u0131n ard\u0131ndan harekete ge\u00e7en ekipler <strong>Arslan<\/strong>\u2019\u0131 g\u00f6zalt\u0131na ald\u0131. \u015e\u00fcphelinin ikametinde de arama ger\u00e7ekle\u015ftirildi.<\/p>\n<p><strong>SOSYAL MEDYA VE YOUTUBE YAYINLARI SORU\u015eTURMADA<\/strong><\/p>\n<p>Soru\u015fturman\u0131n, <strong>Oya Lale Arslan\u2019<\/strong>\u0131n sosyal medya hesaplar\u0131 ile <strong>YouTube<\/strong> platformunda yapt\u0131\u011f\u0131 yay\u0131n ve payla\u015f\u0131mlar nedeniyle ba\u015flat\u0131ld\u0131\u011f\u0131 belirtildi.<\/p>\n<p><strong>Arslan<\/strong> hakk\u0131nda \u201c<strong>halk\u0131 yan\u0131lt\u0131c\u0131 bilgiyi alenen yayma\u201d ve \u201cter\u00f6r \u00f6rg\u00fct\u00fc propagandas\u0131 yapma\u201d<\/strong> su\u00e7lar\u0131 kapsam\u0131nda soru\u015fturma y\u00fcr\u00fct\u00fcl\u00fcyor.<\/p>\n<p><strong>BA\u015eSAVCILI\u011eIN TAL\u0130MATIYLA G\u00d6ZALTINA ALINDI<\/strong><\/p>\n<p><strong>Ankara Cumhuriyet Ba\u015fsavc\u0131l\u0131\u011f\u0131<\/strong>n\u0131n talimat\u0131 do\u011frultusunda hakk\u0131nda verilen g\u00f6zalt\u0131 karar\u0131n\u0131n ard\u0131ndan <strong>Oya Lale Arslan<\/strong> ekipler taraf\u0131ndan g\u00f6zalt\u0131na al\u0131nd\u0131.<\/p>\n<p><strong>Arslan<\/strong>\u2019\u0131n emniyetteki i\u015flemlerinin s\u00fcrd\u00fc\u011f\u00fc \u00f6\u011frenildi.<\/p>\n<p><strong>EV\u0130NDE ARAMA YAPILDI<\/strong><\/p>\n<p>Soru\u015fturma kapsam\u0131nda <strong>Arslan<\/strong>\u2019\u0131n ikametinde de arama ger\u00e7ekle\u015ftirildi.<\/p>\n<p>Aramalarda ele ge\u00e7irilen dijital materyallere incelenmek \u00fczere el konuldu. Dijital materyallerin soru\u015fturma kapsam\u0131nda incelemeye al\u0131naca\u011f\u0131 \u00f6\u011frenildi.<\/p>\n<p><strong>SORU\u015eTURMA S\u00dcR\u00dcYOR<\/strong><\/p>\n<p><strong>Oya Lale Arslan<\/strong> hakk\u0131ndaki soru\u015fturman\u0131n <strong>Ankara<\/strong> <strong>Cumhuriyet Ba\u015fsavc\u0131l\u0131\u011f\u0131<\/strong> taraf\u0131ndan y\u00fcr\u00fct\u00fcld\u00fc\u011f\u00fc belirtildi.<\/p>\n<p>Soru\u015fturma kapsam\u0131nda elde edilen dijital materyallere ili\u015fkin incelemeler ile <strong>Arslan<\/strong> hakk\u0131ndaki adli i\u015flemler s\u00fcr\u00fcyor.<\/p>\n<p><strong>ET\u0130KETLER: #OyaLaleArslan #AnkaraCumhuriyetBa\u015fsavc\u0131l\u0131\u011f\u0131 #G\u00f6zalt\u0131 #Soru\u015fturma #Ankara #SosyalMedya #YouTube<\/strong><\/p>\n<p>Sosyal medya hesaplar\u0131 ve YouTube platformundaki yay\u0131n ve payla\u015f\u0131mlar\u0131 nedeniyle hakk\u0131nda soru\u015fturma y\u00fcr\u00fct\u00fclen Oya Lale Arslan g\u00f6zalt\u0131na al\u0131nd\u0131. Arslan hakk\u0131nda \u201chalk\u0131 yan\u0131lt\u0131c\u0131 bilgiyi alenen yayma\u201d ve \u201cter\u00f6r \u00f6rg\u00fct\u00fc propagandas\u0131 yapma\u201d su\u00e7lar\u0131ndan i\u015flem y\u00fcr\u00fct\u00fcld\u00fc\u011f\u00fc \u00f6\u011frenildi.\u00a0<a href=\"https:\/\/www.son.tv\/oya-lale-arslan-gozaltina-alindi-iki-ayri-suctan-sorusturma-baslatildi\/\" target=\"_blank\" class=\"feedzy-rss-link-icon\">Read More<\/a><\/p>","protected":false},"excerpt":{"rendered":"<p>SON.TV\/ANKARA Ankara Cumhuriyet Ba\u015fsavc\u0131l\u0131\u011f\u0131n\u0131n talimat\u0131yla y\u00fcr\u00fct\u00fclen soru\u015fturma kapsam\u0131nda Oya Lale Arslan hakk\u0131nda g\u00f6zalt\u0131 karar\u0131 verildi. Karar\u0131n ard\u0131ndan harekete ge\u00e7en ekipler Arslan\u2019\u0131 g\u00f6zalt\u0131na ald\u0131. \u015e\u00fcphelinin ikametinde de arama ger\u00e7ekle\u015ftirildi. SOSYAL MEDYA VE YOUTUBE YAYINLARI SORU\u015eTURMADA Soru\u015fturman\u0131n, Oya Lale Arslan\u2019\u0131n sosyal medya hesaplar\u0131 ile YouTube platformunda yapt\u0131\u011f\u0131 yay\u0131n ve payla\u015f\u0131mlar nedeniyle ba\u015flat\u0131ld\u0131\u011f\u0131 belirtildi. Arslan hakk\u0131nda \u201chalk\u0131 yan\u0131lt\u0131c\u0131 [&hellip;]<\/p>\n","protected":false},"author":1,"featured_media":0,"comment_status":"open","ping_status":"open","sticky":false,"template":"","format":"standard","meta":{"footnotes":"","_links_to":"","_links_to_target":""},"categories":[1],"tags":[],"class_list":["post-42482","post","type-post","status-publish","format-standard","hentry","category-haberler"],"_links":{"self":[{"href":"https:\/\/www.abchukuk.com\/index.php\/wp-json\/wp\/v2\/posts\/42482","targetHints":{"allow":["GET"]}}],"collection":[{"href":"https:\/\/www.abchukuk.com\/index.php\/wp-json\/wp\/v2\/posts"}],"about":[{"href":"https:\/\/www.abchukuk.com\/index.php\/wp-json\/wp\/v2\/types\/post"}],"author":[{"embeddable":true,"href":"https:\/\/www.abchukuk.com\/index.php\/wp-json\/wp\/v2\/users\/1"}],"replies":[{"embeddable":true,"href":"https:\/\/www.abchukuk.com\/index.php\/wp-json\/wp\/v2\/comments?post=42482"}],"version-history":[{"count":0,"href":"https:\/\/www.abchukuk.com\/index.php\/wp-json\/wp\/v2\/posts\/42482\/revisions"}],"wp:attachment":[{"href":"https:\/\/www.abchukuk.com\/index.php\/wp-json\/wp\/v2\/media?parent=42482"}],"wp:term":[{"taxonomy":"category","embeddable":true,"href":"https:\/\/www.abchukuk.com\/index.php\/wp-json\/wp\/v2\/categories?post=42482"},{"taxonomy":"post_tag","embeddable":true,"href":"https:\/\/www.abchukuk.com\/index.php\/wp-json\/wp\/v2\/tags?post=42482"}],"curies":[{"name":"wp","href":"https:\/\/api.w.org\/{rel}","templated":true}]}}