{"id":42481,"date":"2026-09-04T09:06:30","date_gmt":"2026-09-04T09:06:30","guid":{"rendered":"https:\/\/www.abchukuk.com\/index.php\/2026\/09\/04\/sinif-belirleme-kura-sonuclari-sorgulama-2\/"},"modified":"2026-09-04T09:06:30","modified_gmt":"2026-09-04T09:06:30","slug":"sinif-belirleme-kura-sonuclari-sorgulama-2","status":"publish","type":"post","link":"https:\/\/www.abchukuk.com\/index.php\/2026\/09\/04\/sinif-belirleme-kura-sonuclari-sorgulama-2\/","title":{"rendered":"S\u0131n\u0131f belirleme kura sonu\u00e7lar\u0131 sorgulama"},"content":{"rendered":"<p>Milli E\u011fitim Bakanl\u0131\u011f\u0131 (MEB) \u00e7al\u0131\u015fma takvimine g\u00f6re, yeni e\u011fitim \u00f6\u011fretim y\u0131l\u0131 14 Eyl\u00fcl\u2019de ba\u015flayacak. 1. s\u0131n\u0131f \u00f6\u011frencileri ise uyum haftas\u0131 kapsam\u0131nda 7 Eyl\u00fcl\u2019de ders ba\u015f\u0131 yapacak. 2026-2027 e\u011fitim \u00f6\u011fretim y\u0131l\u0131 i\u00e7in haz\u0131rl\u0131klar t\u00fcm h\u0131z\u0131yla s\u00fcrerken \u015fube ve \u00f6\u011fretmen belirleme s\u00fcrecine \u00e7evrildi. \u0130lkokul 1. s\u0131n\u0131f \u015fubeleri ve \u00f6\u011fretmenleri ile 5. s\u0131n\u0131f \u015fubeleri kura \u00e7ekimi ile belirlenecek olup veliler \u015fube ve \u00f6\u011fretmen bilgilerini e-Okul ekran\u0131 \u00fczerinden \u00f6\u011frenebilecek. Peki, MEB 1. ve 5. s\u0131n\u0131f \u015fube belirleme kura sonu\u00e7lar\u0131 nas\u0131l ve nereden \u00f6\u011frenilir? \u0130\u015fte 2026-2027 s\u0131n\u0131f belirleme kura sonu\u00e7lar\u0131 sorgulama e-Okul VBS ekran\u0131&#8230;Milli E\u011fitim Bakanl\u0131\u011f\u0131 (MEB) \u00e7al\u0131\u015fma takvimine g\u00f6re, yeni e\u011fitim \u00f6\u011fretim y\u0131l\u0131 14 Eyl\u00fcl\u2019de ba\u015flayacak. 1. s\u0131n\u0131f \u00f6\u011frencileri ise uyum haftas\u0131 kapsam\u0131nda 7 Eyl\u00fcl\u2019de ders ba\u015f\u0131 yapacak. 2026-2027 e\u011fitim \u00f6\u011fretim y\u0131l\u0131 i\u00e7in haz\u0131rl\u0131klar t\u00fcm h\u0131z\u0131yla s\u00fcrerken \u015fube ve \u00f6\u011fretmen belirleme s\u00fcrecine \u00e7evrildi. \u0130lkokul 1. s\u0131n\u0131f \u015fubeleri ve \u00f6\u011fretmenleri ile 5. s\u0131n\u0131f \u015fubeleri kura \u00e7ekimi ile belirlenecek olup veliler \u015fube ve \u00f6\u011fretmen bilgilerini e-Okul ekran\u0131 \u00fczerinden \u00f6\u011frenebilecek. Peki, MEB 1. ve 5. s\u0131n\u0131f \u015fube belirleme kura sonu\u00e7lar\u0131 nas\u0131l ve nereden \u00f6\u011frenilir? \u0130\u015fte 2026-2027 s\u0131n\u0131f belirleme kura sonu\u00e7lar\u0131 sorgulama e-Okul VBS ekran\u0131&#8230;\u00a0<a href=\"https:\/\/www.haberturk.com\/bilgi\/foto\/sinif-belirleme-kura-sonuclari-sorgulama-2026-2027-meb-1-ve-5-sinif-sube-belirleme-kura-sonuclari-aciklandi-mi-siniflar-belli-oldu-mu-nasil-ogrenilir-3910184\" target=\"_blank\" class=\"feedzy-rss-link-icon\">Read More<\/a><\/p>","protected":false},"excerpt":{"rendered":"<p>Milli E\u011fitim Bakanl\u0131\u011f\u0131 (MEB) \u00e7al\u0131\u015fma takvimine g\u00f6re, yeni e\u011fitim \u00f6\u011fretim y\u0131l\u0131 14 Eyl\u00fcl\u2019de ba\u015flayacak. 1. s\u0131n\u0131f \u00f6\u011frencileri ise uyum haftas\u0131 kapsam\u0131nda 7 Eyl\u00fcl\u2019de ders ba\u015f\u0131 yapacak. 2026-2027 e\u011fitim \u00f6\u011fretim y\u0131l\u0131 i\u00e7in haz\u0131rl\u0131klar t\u00fcm h\u0131z\u0131yla s\u00fcrerken \u015fube ve \u00f6\u011fretmen belirleme s\u00fcrecine \u00e7evrildi. \u0130lkokul 1. s\u0131n\u0131f \u015fubeleri ve \u00f6\u011fretmenleri ile 5. s\u0131n\u0131f \u015fubeleri kura \u00e7ekimi ile belirlenecek [&hellip;]<\/p>\n","protected":false},"author":1,"featured_media":0,"comment_status":"open","ping_status":"open","sticky":false,"template":"","format":"standard","meta":{"footnotes":"","_links_to":"","_links_to_target":""},"categories":[1],"tags":[],"class_list":["post-42481","post","type-post","status-publish","format-standard","hentry","category-haberler"],"_links":{"self":[{"href":"https:\/\/www.abchukuk.com\/index.php\/wp-json\/wp\/v2\/posts\/42481","targetHints":{"allow":["GET"]}}],"collection":[{"href":"https:\/\/www.abchukuk.com\/index.php\/wp-json\/wp\/v2\/posts"}],"about":[{"href":"https:\/\/www.abchukuk.com\/index.php\/wp-json\/wp\/v2\/types\/post"}],"author":[{"embeddable":true,"href":"https:\/\/www.abchukuk.com\/index.php\/wp-json\/wp\/v2\/users\/1"}],"replies":[{"embeddable":true,"href":"https:\/\/www.abchukuk.com\/index.php\/wp-json\/wp\/v2\/comments?post=42481"}],"version-history":[{"count":0,"href":"https:\/\/www.abchukuk.com\/index.php\/wp-json\/wp\/v2\/posts\/42481\/revisions"}],"wp:attachment":[{"href":"https:\/\/www.abchukuk.com\/index.php\/wp-json\/wp\/v2\/media?parent=42481"}],"wp:term":[{"taxonomy":"category","embeddable":true,"href":"https:\/\/www.abchukuk.com\/index.php\/wp-json\/wp\/v2\/categories?post=42481"},{"taxonomy":"post_tag","embeddable":true,"href":"https:\/\/www.abchukuk.com\/index.php\/wp-json\/wp\/v2\/tags?post=42481"}],"curies":[{"name":"wp","href":"https:\/\/api.w.org\/{rel}","templated":true}]}}