{"id":42472,"date":"2026-09-04T06:36:20","date_gmt":"2026-09-04T06:36:20","guid":{"rendered":"https:\/\/www.abchukuk.com\/index.php\/2026\/09\/04\/sinif-belirleme-kura-sonuclari-sorgulama\/"},"modified":"2026-09-04T06:36:20","modified_gmt":"2026-09-04T06:36:20","slug":"sinif-belirleme-kura-sonuclari-sorgulama","status":"publish","type":"post","link":"https:\/\/www.abchukuk.com\/index.php\/2026\/09\/04\/sinif-belirleme-kura-sonuclari-sorgulama\/","title":{"rendered":"S\u0131n\u0131f belirleme kura sonu\u00e7lar\u0131 sorgulama"},"content":{"rendered":"<p>Milli E\u011fitim Bakanl\u0131\u011f\u0131 (MEB) \u00e7al\u0131\u015fma takvimine g\u00f6re, yeni e\u011fitim \u00f6\u011fretim y\u0131l\u0131 14 Eyl\u00fcl\u2019de ba\u015flayacak. 1. s\u0131n\u0131f \u00f6\u011frencileri ise uyum haftas\u0131 kapsam\u0131nda 7 Eyl\u00fcl\u2019de ders ba\u015f\u0131 yapacak. 2026-2027 e\u011fitim \u00f6\u011fretim y\u0131l\u0131 i\u00e7in son haz\u0131rl\u0131klar yap\u0131l\u0131rken g\u00f6zler \u015fube ve \u00f6\u011fretmen belirleme s\u00fcrecine \u00e7evrildi. \u0130lkokul 1. s\u0131n\u0131f \u015fubeleri ve \u00f6\u011fretmenleri ile 5. s\u0131n\u0131f \u015fubeleri kura \u00e7ekimi ile belirlenecek. Veliler \u015fube ve \u00f6\u011fretmen bilgilerini e-Okul ekran\u0131 \u00fczerinden \u00f6\u011frenebilecek. Peki, MEB 1. ve 5. s\u0131n\u0131f \u015fube belirleme kura sonu\u00e7lar\u0131 a\u00e7\u0131kland\u0131 m\u0131, s\u0131n\u0131flar belli oldu mu, nas\u0131l \u00f6\u011frenilir? \u0130\u015fte e-Okul VBS 1. ve 5. s\u0131n\u0131f belirleme kura sonu\u00e7lar\u0131 sorgulama ekran\u0131&#8230;Milli E\u011fitim Bakanl\u0131\u011f\u0131 (MEB) \u00e7al\u0131\u015fma takvimine g\u00f6re, yeni e\u011fitim \u00f6\u011fretim y\u0131l\u0131 14 Eyl\u00fcl\u2019de ba\u015flayacak. 1. s\u0131n\u0131f \u00f6\u011frencileri ise uyum haftas\u0131 kapsam\u0131nda 7 Eyl\u00fcl\u2019de ders ba\u015f\u0131 yapacak. 2026-2027 e\u011fitim \u00f6\u011fretim y\u0131l\u0131 i\u00e7in son haz\u0131rl\u0131klar yap\u0131l\u0131rken g\u00f6zler \u015fube ve \u00f6\u011fretmen belirleme s\u00fcrecine \u00e7evrildi. \u0130lkokul 1. s\u0131n\u0131f \u015fubeleri ve \u00f6\u011fretmenleri ile 5. s\u0131n\u0131f \u015fubeleri kura \u00e7ekimi ile belirlenecek. Veliler \u015fube ve \u00f6\u011fretmen bilgilerini e-Okul ekran\u0131 \u00fczerinden \u00f6\u011frenebilecek. Peki, MEB 1. ve 5. s\u0131n\u0131f \u015fube belirleme kura sonu\u00e7lar\u0131 a\u00e7\u0131kland\u0131 m\u0131, s\u0131n\u0131flar belli oldu mu, nas\u0131l \u00f6\u011frenilir? \u0130\u015fte e-Okul VBS 1. ve 5. s\u0131n\u0131f belirleme kura sonu\u00e7lar\u0131 sorgulama ekran\u0131&#8230;\u00a0<a href=\"https:\/\/www.haberturk.com\/\" target=\"_blank\" class=\"feedzy-rss-link-icon\">Read More<\/a><\/p>","protected":false},"excerpt":{"rendered":"<p>Milli E\u011fitim Bakanl\u0131\u011f\u0131 (MEB) \u00e7al\u0131\u015fma takvimine g\u00f6re, yeni e\u011fitim \u00f6\u011fretim y\u0131l\u0131 14 Eyl\u00fcl\u2019de ba\u015flayacak. 1. s\u0131n\u0131f \u00f6\u011frencileri ise uyum haftas\u0131 kapsam\u0131nda 7 Eyl\u00fcl\u2019de ders ba\u015f\u0131 yapacak. 2026-2027 e\u011fitim \u00f6\u011fretim y\u0131l\u0131 i\u00e7in son haz\u0131rl\u0131klar yap\u0131l\u0131rken g\u00f6zler \u015fube ve \u00f6\u011fretmen belirleme s\u00fcrecine \u00e7evrildi. \u0130lkokul 1. s\u0131n\u0131f \u015fubeleri ve \u00f6\u011fretmenleri ile 5. s\u0131n\u0131f \u015fubeleri kura \u00e7ekimi ile belirlenecek. [&hellip;]<\/p>\n","protected":false},"author":1,"featured_media":0,"comment_status":"open","ping_status":"open","sticky":false,"template":"","format":"standard","meta":{"footnotes":"","_links_to":"","_links_to_target":""},"categories":[1],"tags":[],"class_list":["post-42472","post","type-post","status-publish","format-standard","hentry","category-haberler"],"_links":{"self":[{"href":"https:\/\/www.abchukuk.com\/index.php\/wp-json\/wp\/v2\/posts\/42472","targetHints":{"allow":["GET"]}}],"collection":[{"href":"https:\/\/www.abchukuk.com\/index.php\/wp-json\/wp\/v2\/posts"}],"about":[{"href":"https:\/\/www.abchukuk.com\/index.php\/wp-json\/wp\/v2\/types\/post"}],"author":[{"embeddable":true,"href":"https:\/\/www.abchukuk.com\/index.php\/wp-json\/wp\/v2\/users\/1"}],"replies":[{"embeddable":true,"href":"https:\/\/www.abchukuk.com\/index.php\/wp-json\/wp\/v2\/comments?post=42472"}],"version-history":[{"count":0,"href":"https:\/\/www.abchukuk.com\/index.php\/wp-json\/wp\/v2\/posts\/42472\/revisions"}],"wp:attachment":[{"href":"https:\/\/www.abchukuk.com\/index.php\/wp-json\/wp\/v2\/media?parent=42472"}],"wp:term":[{"taxonomy":"category","embeddable":true,"href":"https:\/\/www.abchukuk.com\/index.php\/wp-json\/wp\/v2\/categories?post=42472"},{"taxonomy":"post_tag","embeddable":true,"href":"https:\/\/www.abchukuk.com\/index.php\/wp-json\/wp\/v2\/tags?post=42472"}],"curies":[{"name":"wp","href":"https:\/\/api.w.org\/{rel}","templated":true}]}}