{"id":42468,"date":"2026-09-04T06:50:00","date_gmt":"2026-09-04T06:50:00","guid":{"rendered":"https:\/\/www.abchukuk.com\/index.php\/2026\/09\/04\/akin-gurlek-acikladi-3-faili-mechul-cinayet-daha-aydinlatildi\/"},"modified":"2026-09-04T06:50:00","modified_gmt":"2026-09-04T06:50:00","slug":"akin-gurlek-acikladi-3-faili-mechul-cinayet-daha-aydinlatildi","status":"publish","type":"post","link":"https:\/\/www.abchukuk.com\/index.php\/2026\/09\/04\/akin-gurlek-acikladi-3-faili-mechul-cinayet-daha-aydinlatildi\/","title":{"rendered":"Ak\u0131n G\u00fcrlek a\u00e7\u0131klad\u0131: 3 faili me\u00e7hul cinayet daha ayd\u0131nlat\u0131ld\u0131"},"content":{"rendered":"<p>Adalet Bakan\u0131 Ak\u0131n G\u00fcrlek, Faili Me\u00e7hul Su\u00e7lar\u0131 Ara\u015ft\u0131rma Daire Ba\u015fkanl\u0131\u011f\u0131\u2019n\u0131n koordinasyonunda \u0130stanbul, Mardin ve Manisa\u2019daki 3 faili me\u00e7hul cinayetin daha ayd\u0131nlat\u0131ld\u0131\u011f\u0131n\u0131 a\u00e7\u0131klad\u0131. G\u00fcrlek, dairenin kuruldu\u011fu 24 Nisan 2026\u2019dan bu yana 40 dosyada 46 maktul ve 7 yaral\u0131n\u0131n bulundu\u011fu olaylar\u0131n \u00e7\u00f6z\u00fcme kavu\u015fturuldu\u011funu bildirdi.Adalet Bakan\u0131 Ak\u0131n G\u00fcrlek, Faili Me\u00e7hul Su\u00e7lar\u0131 Ara\u015ft\u0131rma Daire Ba\u015fkanl\u0131\u011f\u0131\u2019n\u0131n koordinasyonunda \u0130stanbul, Mardin ve Manisa\u2019daki 3 faili me\u00e7hul cinayetin daha ayd\u0131nlat\u0131ld\u0131\u011f\u0131n\u0131 a\u00e7\u0131klad\u0131. G\u00fcrlek, dairenin kuruldu\u011fu 24 Nisan 2026\u2019dan bu yana 40 dosyada 46 maktul ve 7 yaral\u0131n\u0131n bulundu\u011fu olaylar\u0131n \u00e7\u00f6z\u00fcme kavu\u015fturuldu\u011funu bildirdi.\u00a0<a href=\"https:\/\/www.cumhuriyet.com.tr\/turkiye\/akin-gurlek-acikladi-3-faili-mechul-cinayet-daha-aydinlatildi-2534808\" target=\"_blank\" class=\"feedzy-rss-link-icon\">Read More<\/a><\/p>","protected":false},"excerpt":{"rendered":"<p>Adalet Bakan\u0131 Ak\u0131n G\u00fcrlek, Faili Me\u00e7hul Su\u00e7lar\u0131 Ara\u015ft\u0131rma Daire Ba\u015fkanl\u0131\u011f\u0131\u2019n\u0131n koordinasyonunda \u0130stanbul, Mardin ve Manisa\u2019daki 3 faili me\u00e7hul cinayetin daha ayd\u0131nlat\u0131ld\u0131\u011f\u0131n\u0131 a\u00e7\u0131klad\u0131. G\u00fcrlek, dairenin kuruldu\u011fu 24 Nisan 2026\u2019dan bu yana 40 dosyada 46 maktul ve 7 yaral\u0131n\u0131n bulundu\u011fu olaylar\u0131n \u00e7\u00f6z\u00fcme kavu\u015fturuldu\u011funu bildirdi.Adalet Bakan\u0131 Ak\u0131n G\u00fcrlek, Faili Me\u00e7hul Su\u00e7lar\u0131 Ara\u015ft\u0131rma Daire Ba\u015fkanl\u0131\u011f\u0131\u2019n\u0131n koordinasyonunda \u0130stanbul, Mardin ve [&hellip;]<\/p>\n","protected":false},"author":1,"featured_media":42469,"comment_status":"open","ping_status":"open","sticky":false,"template":"","format":"standard","meta":{"footnotes":"","_links_to":"","_links_to_target":""},"categories":[1],"tags":[],"class_list":["post-42468","post","type-post","status-publish","format-standard","has-post-thumbnail","hentry","category-haberler"],"_links":{"self":[{"href":"https:\/\/www.abchukuk.com\/index.php\/wp-json\/wp\/v2\/posts\/42468","targetHints":{"allow":["GET"]}}],"collection":[{"href":"https:\/\/www.abchukuk.com\/index.php\/wp-json\/wp\/v2\/posts"}],"about":[{"href":"https:\/\/www.abchukuk.com\/index.php\/wp-json\/wp\/v2\/types\/post"}],"author":[{"embeddable":true,"href":"https:\/\/www.abchukuk.com\/index.php\/wp-json\/wp\/v2\/users\/1"}],"replies":[{"embeddable":true,"href":"https:\/\/www.abchukuk.com\/index.php\/wp-json\/wp\/v2\/comments?post=42468"}],"version-history":[{"count":0,"href":"https:\/\/www.abchukuk.com\/index.php\/wp-json\/wp\/v2\/posts\/42468\/revisions"}],"wp:featuredmedia":[{"embeddable":true,"href":"https:\/\/www.abchukuk.com\/index.php\/wp-json\/wp\/v2\/media\/42469"}],"wp:attachment":[{"href":"https:\/\/www.abchukuk.com\/index.php\/wp-json\/wp\/v2\/media?parent=42468"}],"wp:term":[{"taxonomy":"category","embeddable":true,"href":"https:\/\/www.abchukuk.com\/index.php\/wp-json\/wp\/v2\/categories?post=42468"},{"taxonomy":"post_tag","embeddable":true,"href":"https:\/\/www.abchukuk.com\/index.php\/wp-json\/wp\/v2\/tags?post=42468"}],"curies":[{"name":"wp","href":"https:\/\/api.w.org\/{rel}","templated":true}]}}