{"id":42467,"date":"2026-09-04T06:53:37","date_gmt":"2026-09-04T06:53:37","guid":{"rendered":"https:\/\/www.abchukuk.com\/index.php\/2026\/09\/04\/silivrideki-gemi-faciasinda-iki-kaptan-tutuklandi-bilirkisi-raporunda-kritik-tespitler\/"},"modified":"2026-09-04T06:53:37","modified_gmt":"2026-09-04T06:53:37","slug":"silivrideki-gemi-faciasinda-iki-kaptan-tutuklandi-bilirkisi-raporunda-kritik-tespitler","status":"publish","type":"post","link":"https:\/\/www.abchukuk.com\/index.php\/2026\/09\/04\/silivrideki-gemi-faciasinda-iki-kaptan-tutuklandi-bilirkisi-raporunda-kritik-tespitler\/","title":{"rendered":"Silivri\u2019deki gemi facias\u0131nda iki kaptan tutukland\u0131! Bilirki\u015fi raporunda kritik tespitler!"},"content":{"rendered":"<p>\u00a0<\/p>\n<p><strong>SON.TV\/\u0130STANBUL<\/strong><\/p>\n<p><strong>Marmara Denizi\u2019nde 2 Eyl\u00fcl 2026<\/strong> tarihinde meydana gelen ve <strong>TUGBERK \u0130MAMO\u011eLU<\/strong> isimli geminin batmas\u0131yla sonu\u00e7lanan deniz kazas\u0131na ili\u015fkin adli soru\u015fturmada yeni geli\u015fme ya\u015fand\u0131.<\/p>\n<p><strong>Silivri Cumhuriyet Ba\u015fsavc\u0131l\u0131\u011f<\/strong>\u0131 taraf\u0131ndan y\u00fcr\u00fct\u00fclen soru\u015fturma kapsam\u0131nda 9 \u015f\u00fcpheli hakk\u0131nda adli i\u015flem ba\u015flat\u0131l\u0131rken, elde edilen deliller ve deniz kazas\u0131 bilirki\u015fi heyetince haz\u0131rlanan \u00f6n tespit raporu do\u011frultusunda iki kaptan tutukland\u0131.<\/p>\n<p><strong>B\u0130L\u0130RK\u0130\u015e\u0130 HEYET\u0130 \u00d6N TESP\u0130T RAPORUNU HAZIRLADI<\/strong><\/p>\n<p>Soru\u015fturma kapsam\u0131nda kazan\u0131n meydana geli\u015f \u015feklinin belirlenmesi amac\u0131yla deniz kazas\u0131 bilirki\u015fi heyeti taraf\u0131ndan \u00f6n tespit raporu haz\u0131rland\u0131.<\/p>\n<p>Raporda,<strong> M\/T ALSU<\/strong> isimli geminin birinci kaptan\u0131 <strong>A.E.\u2019<\/strong>nin seyir emniyetinin sa\u011flanmas\u0131na ili\u015fkin g\u00f6zetim ve denetim y\u00fck\u00fcml\u00fcl\u00fc\u011f\u00fcn\u00fc yerine getirmedi\u011fi tespitine yer verildi.<\/p>\n<p><strong>\u00dc\u00c7\u00dcNC\u00dc KAPTAN \u0130\u00c7\u0130N KR\u0130T\u0130K TESP\u0130T<\/strong><\/p>\n<p>Bilirki\u015fi heyeti, <strong>M\/T ALSU<\/strong>\u2019nun \u00fc\u00e7\u00fcnc\u00fc kaptan\u0131 ve vardiya zabiti <strong>M.E<\/strong>.\u2019nin durumunu da de\u011ferlendirdi.<\/p>\n<p>\u00d6n tespit raporunda <strong>M.E.<\/strong>\u2019nin \u00e7at\u0131\u015fmay\u0131 \u00f6nlemek amac\u0131yla gerekli tedbirleri zaman\u0131nda ve etkin \u015fekilde almad\u0131\u011f\u0131 tespit edildi.<\/p>\n<p><strong>\u0130K\u0130 KAPTAN TUTUKLAMA TALEB\u0130YLE H\u00c2K\u0130ML\u0130\u011eE SEVK ED\u0130LD\u0130<\/strong><\/p>\n<p>Soru\u015fturma dosyas\u0131nda bulunan mevcut deliller ile bilirki\u015fi heyetinin \u00f6n tespit raporundaki de\u011ferlendirmelerin ard\u0131ndan birinci kaptan<strong> A.E<\/strong>. ile \u00fc\u00e7\u00fcnc\u00fc kaptan ve vardiya zabiti <strong>M.E.<\/strong> hakk\u0131nda tutuklama talep edildi.<\/p>\n<p>\u0130ki \u015f\u00fcpheli, \u201c<strong>taksirle birden fazla ki\u015finin \u00f6l\u00fcm\u00fcne neden olma\u201d<\/strong> su\u00e7undan tutuklanmalar\u0131 talebiyle Sulh Ceza H\u00e2kimli\u011fine sevk edildi.<\/p>\n<p><strong>A.E. VE M.E. TUTUKLANDI<\/strong><\/p>\n<p><strong>Sulh Ceza H\u00e2kimli\u011fi,<\/strong> dosyadaki mevcut delil durumunu de\u011ferlendirerek <strong>A.E.<\/strong> ile <strong>M.E<\/strong>.\u2019nin tutuklanmas\u0131na karar verdi.<\/p>\n<p>B\u00f6ylece <strong>Marmara Denizi\u2019<\/strong>nde meydana gelen ve 10 ki\u015filik m\u00fcrettebat\u0131 bulunan <strong>TUGBERK \u0130MAMO\u011eLU<\/strong> gemisinin batmas\u0131na ili\u015fkin y\u00fcr\u00fct\u00fclen soru\u015fturmada iki \u015f\u00fcpheli tutuklanm\u0131\u015f oldu.<\/p>\n<p><strong>D\u00d6RT \u015e\u00dcPHEL\u0130YE ADL\u0130 KONTROL<\/strong><\/p>\n<p>Soru\u015fturma kapsam\u0131nda adliyeye sevk edilen di\u011fer \u015f\u00fcpheliler <strong>B.H., N.M., M.G. ve S.A<\/strong>. hakk\u0131nda ise adli kontrol tedbiri uygulanmas\u0131 talep edildi.<\/p>\n<p><strong>Sulh Ceza H\u00e2kimli\u011fi<\/strong>, d\u00f6rt \u015f\u00fcphelinin adli kontrol tedbiri uygulanarak serbest b\u0131rak\u0131lmas\u0131na karar verdi.<\/p>\n<p><strong>9 \u015e\u00dcPHEL\u0130 HAKKINDA ADL\u0130 \u0130\u015eLEM BA\u015eLATILMI\u015eTI<\/strong><\/p>\n<p><strong>Silivri Cumhuriyet Ba\u015fsavc\u0131l\u0131\u011f<\/strong>\u0131n\u0131n soru\u015fturmas\u0131 kapsam\u0131nda <strong>M\/T ALSU<\/strong> gemisindeki 9 ki\u015fi hakk\u0131nda \u015f\u00fcpheli s\u0131fat\u0131yla adli i\u015flem ba\u015flat\u0131lm\u0131\u015ft\u0131.<\/p>\n<p>Soru\u015fturman\u0131n ilerleyen a\u015famas\u0131nda elde edilen deliller ve bilirki\u015fi heyetinin haz\u0131rlad\u0131\u011f\u0131 \u00f6n tespit raporu do\u011frultusunda \u015f\u00fcphelilerin hukuki durumlar\u0131 ayr\u0131 ayr\u0131 de\u011ferlendirildi.<\/p>\n<p><strong>SORU\u015eTURMA S\u00dcR\u00dcYOR<\/strong><\/p>\n<p><strong>Silivri Cumhuriyet Ba\u015fsavc\u0131l\u0131\u011f\u0131<\/strong>nca y\u00fcr\u00fct\u00fclen soru\u015fturma, kazan\u0131n meydana geli\u015f \u015feklinin ve sorumluluklar\u0131n t\u00fcm y\u00f6nleriyle belirlenmesi amac\u0131yla s\u00fcrd\u00fcr\u00fcl\u00fcyor.<\/p>\n<p>Ba\u015fsavc\u0131l\u0131k, maddi ger\u00e7e\u011fin b\u00fct\u00fcn y\u00f6nleriyle ortaya \u00e7\u0131kar\u0131lmas\u0131 amac\u0131yla soru\u015fturman\u0131n titizlikle devam etti\u011fini bildirdi.<\/p>\n<p><strong>ET\u0130KETLER: #Silivri #MarmaraDenizi #GemiKazas\u0131 #ALSU #Tu\u011fberk\u0130mamo\u011flu #SilivriCumhuriyetBa\u015fsavc\u0131l\u0131\u011f\u0131 #GemiFacias\u0131 #DenizKazas\u0131<\/strong><\/p>\n<p>Marmara Denizi\u2019nde M\/T ALSU ile TUGBERK \u0130MAMO\u011eLU isimli gemilerin \u00e7at\u0131\u015fmas\u0131 sonucu 10 ki\u015filik m\u00fcrettebat\u0131 bulunan TUGBERK \u0130MAMO\u011eLU\u2019nun batmas\u0131na ili\u015fkin Silivri Cumhuriyet Ba\u015fsavc\u0131l\u0131\u011f\u0131nca y\u00fcr\u00fct\u00fclen soru\u015fturmada iki kaptan tutukland\u0131. Deniz kazas\u0131 bilirki\u015fi heyetinin haz\u0131rlad\u0131\u011f\u0131 \u00f6n tespit raporunda ALSU\u2019nun birinci kaptan\u0131 ile \u00fc\u00e7\u00fcnc\u00fc kaptan ve vardiya zabitinin sorumluluklar\u0131na ili\u015fkin tespitlere yer verildi.\u00a0<a href=\"https:\/\/www.son.tv\/silivrideki-gemi-faciasinda-iki-kaptan-tutuklandi-bilirkisi-raporunda-kritik-tespitler\/\" target=\"_blank\" class=\"feedzy-rss-link-icon\">Read More<\/a><\/p>","protected":false},"excerpt":{"rendered":"<p>\u00a0 SON.TV\/\u0130STANBUL Marmara Denizi\u2019nde 2 Eyl\u00fcl 2026 tarihinde meydana gelen ve TUGBERK \u0130MAMO\u011eLU isimli geminin batmas\u0131yla sonu\u00e7lanan deniz kazas\u0131na ili\u015fkin adli soru\u015fturmada yeni geli\u015fme ya\u015fand\u0131. Silivri Cumhuriyet Ba\u015fsavc\u0131l\u0131\u011f\u0131 taraf\u0131ndan y\u00fcr\u00fct\u00fclen soru\u015fturma kapsam\u0131nda 9 \u015f\u00fcpheli hakk\u0131nda adli i\u015flem ba\u015flat\u0131l\u0131rken, elde edilen deliller ve deniz kazas\u0131 bilirki\u015fi heyetince haz\u0131rlanan \u00f6n tespit raporu do\u011frultusunda iki kaptan tutukland\u0131. B\u0130L\u0130RK\u0130\u015e\u0130 [&hellip;]<\/p>\n","protected":false},"author":1,"featured_media":0,"comment_status":"open","ping_status":"open","sticky":false,"template":"","format":"standard","meta":{"footnotes":"","_links_to":"","_links_to_target":""},"categories":[1],"tags":[],"class_list":["post-42467","post","type-post","status-publish","format-standard","hentry","category-haberler"],"_links":{"self":[{"href":"https:\/\/www.abchukuk.com\/index.php\/wp-json\/wp\/v2\/posts\/42467","targetHints":{"allow":["GET"]}}],"collection":[{"href":"https:\/\/www.abchukuk.com\/index.php\/wp-json\/wp\/v2\/posts"}],"about":[{"href":"https:\/\/www.abchukuk.com\/index.php\/wp-json\/wp\/v2\/types\/post"}],"author":[{"embeddable":true,"href":"https:\/\/www.abchukuk.com\/index.php\/wp-json\/wp\/v2\/users\/1"}],"replies":[{"embeddable":true,"href":"https:\/\/www.abchukuk.com\/index.php\/wp-json\/wp\/v2\/comments?post=42467"}],"version-history":[{"count":0,"href":"https:\/\/www.abchukuk.com\/index.php\/wp-json\/wp\/v2\/posts\/42467\/revisions"}],"wp:attachment":[{"href":"https:\/\/www.abchukuk.com\/index.php\/wp-json\/wp\/v2\/media?parent=42467"}],"wp:term":[{"taxonomy":"category","embeddable":true,"href":"https:\/\/www.abchukuk.com\/index.php\/wp-json\/wp\/v2\/categories?post=42467"},{"taxonomy":"post_tag","embeddable":true,"href":"https:\/\/www.abchukuk.com\/index.php\/wp-json\/wp\/v2\/tags?post=42467"}],"curies":[{"name":"wp","href":"https:\/\/api.w.org\/{rel}","templated":true}]}}