{"id":42464,"date":"2026-09-04T07:07:00","date_gmt":"2026-09-04T07:07:00","guid":{"rendered":"https:\/\/www.abchukuk.com\/index.php\/2026\/09\/04\/evliler-dikkat-yargitay-o-davranisi-tam-kusur-saydi-artik-geri-donusu-yok\/"},"modified":"2026-09-04T07:07:00","modified_gmt":"2026-09-04T07:07:00","slug":"evliler-dikkat-yargitay-o-davranisi-tam-kusur-saydi-artik-geri-donusu-yok","status":"publish","type":"post","link":"https:\/\/www.abchukuk.com\/index.php\/2026\/09\/04\/evliler-dikkat-yargitay-o-davranisi-tam-kusur-saydi-artik-geri-donusu-yok\/","title":{"rendered":"Evliler Dikkat! Yarg\u0131tay O Davran\u0131\u015f\u0131 &#8216;Tam Kusur&#8217; Sayd\u0131: Art\u0131k Geri D\u00f6n\u00fc\u015f\u00fc Yok"},"content":{"rendered":"<p><a href=\"https:\/\/www.gercekgundem.com\/guncel\/evliler-dikkat-yargitay-o-davranisi-tam-kusur-saydi-artik-geri-donusu-yok-577978\"><br \/>\n                                                            <img decoding=\"async\" src=\"https:\/\/i.gercekgundem.com\/2\/150\/84\/storage\/files\/images\/2026\/09\/04\/evliler-dikkat-yargitay-o-davranisi-tam-kusur-saydi-artikgeri-donusu-yok-td3i.jpg\" width=\"150\" height=\"84\" border=\"0\" align=\"right\" \/><br \/>\n                                                    <\/a><\/p>\n<h4>Bo\u015fanma davalar\u0131nda dengeleri de\u011fi\u015ftirecek emsal bir karara imza atan Yarg\u0131tay, aile mahremiyetini ba\u015fkalar\u0131na anlatan ve e\u015finin dedikodusunu yapan erke\u011fi tam kusurlu bularak nafaka \u00f6demeye mahk\u00fbm etti.<\/h4>\n<p>Bo\u015fanma davalar\u0131nda dengeleri de\u011fi\u015ftirecek emsal bir karara imza atan Yarg\u0131tay, aile mahremiyetini ba\u015fkalar\u0131na anlatan ve e\u015finin dedikodusunu yapan erke\u011fi tam kusurlu bularak nafaka \u00f6demeye mahk\u00fbm etti.\u00a0<a href=\"https:\/\/www.gercekgundem.com\/guncel\/evliler-dikkat-yargitay-o-davranisi-tam-kusur-saydi-artik-geri-donusu-yok-577978\" target=\"_blank\" class=\"feedzy-rss-link-icon\">Read More<\/a><\/p>","protected":false},"excerpt":{"rendered":"<p>Bo\u015fanma davalar\u0131nda dengeleri de\u011fi\u015ftirecek emsal bir karara imza atan Yarg\u0131tay, aile mahremiyetini ba\u015fkalar\u0131na anlatan ve e\u015finin dedikodusunu yapan erke\u011fi tam kusurlu bularak nafaka \u00f6demeye mahk\u00fbm etti. Bo\u015fanma davalar\u0131nda dengeleri de\u011fi\u015ftirecek emsal bir karara imza atan Yarg\u0131tay, aile mahremiyetini ba\u015fkalar\u0131na anlatan ve e\u015finin dedikodusunu yapan erke\u011fi tam kusurlu bularak nafaka \u00f6demeye mahk\u00fbm etti.\u00a0Read More<\/p>\n","protected":false},"author":1,"featured_media":42465,"comment_status":"open","ping_status":"open","sticky":false,"template":"","format":"standard","meta":{"footnotes":"","_links_to":"","_links_to_target":""},"categories":[1],"tags":[],"class_list":["post-42464","post","type-post","status-publish","format-standard","has-post-thumbnail","hentry","category-haberler"],"_links":{"self":[{"href":"https:\/\/www.abchukuk.com\/index.php\/wp-json\/wp\/v2\/posts\/42464","targetHints":{"allow":["GET"]}}],"collection":[{"href":"https:\/\/www.abchukuk.com\/index.php\/wp-json\/wp\/v2\/posts"}],"about":[{"href":"https:\/\/www.abchukuk.com\/index.php\/wp-json\/wp\/v2\/types\/post"}],"author":[{"embeddable":true,"href":"https:\/\/www.abchukuk.com\/index.php\/wp-json\/wp\/v2\/users\/1"}],"replies":[{"embeddable":true,"href":"https:\/\/www.abchukuk.com\/index.php\/wp-json\/wp\/v2\/comments?post=42464"}],"version-history":[{"count":0,"href":"https:\/\/www.abchukuk.com\/index.php\/wp-json\/wp\/v2\/posts\/42464\/revisions"}],"wp:featuredmedia":[{"embeddable":true,"href":"https:\/\/www.abchukuk.com\/index.php\/wp-json\/wp\/v2\/media\/42465"}],"wp:attachment":[{"href":"https:\/\/www.abchukuk.com\/index.php\/wp-json\/wp\/v2\/media?parent=42464"}],"wp:term":[{"taxonomy":"category","embeddable":true,"href":"https:\/\/www.abchukuk.com\/index.php\/wp-json\/wp\/v2\/categories?post=42464"},{"taxonomy":"post_tag","embeddable":true,"href":"https:\/\/www.abchukuk.com\/index.php\/wp-json\/wp\/v2\/tags?post=42464"}],"curies":[{"name":"wp","href":"https:\/\/api.w.org\/{rel}","templated":true}]}}