{"id":42462,"date":"2026-09-04T07:14:00","date_gmt":"2026-09-04T07:14:00","guid":{"rendered":"https:\/\/www.abchukuk.com\/index.php\/2026\/09\/04\/bulent-arinctan-melih-gokcek-aciklamasi-savci-cagirirsa-kosa-kosa-giderim\/"},"modified":"2026-09-04T07:14:00","modified_gmt":"2026-09-04T07:14:00","slug":"bulent-arinctan-melih-gokcek-aciklamasi-savci-cagirirsa-kosa-kosa-giderim","status":"publish","type":"post","link":"https:\/\/www.abchukuk.com\/index.php\/2026\/09\/04\/bulent-arinctan-melih-gokcek-aciklamasi-savci-cagirirsa-kosa-kosa-giderim\/","title":{"rendered":"B\u00fclent Ar\u0131n\u00e7&#8217;tan &#8216;Melih G\u00f6k\u00e7ek&#8217; a\u00e7\u0131klamas\u0131: &#8216;Savc\u0131 \u00e7a\u011f\u0131r\u0131rsa ko\u015fa ko\u015fa giderim&#8217;"},"content":{"rendered":"<p>AKP&#8217;li B\u00fclent Ar\u0131n\u00e7, Ankara B\u00fcy\u00fck\u015fehir Belediyesi&#8217;nin eski ba\u015fkan\u0131 AKP&#8217;li Melih G\u00f6k\u00e7ek hakk\u0131nda a\u00e7\u0131lan soru\u015fturmaya ili\u015fkin &#8220;Savc\u0131 \u2018Buyurun, tan\u0131k s\u0131fat\u0131yla size \u015funlar\u0131 soraca\u011f\u0131z\u2019 derse ko\u015fa ko\u015fa giderim&#8221; dedi.AKP&#8217;li B\u00fclent Ar\u0131n\u00e7, Ankara B\u00fcy\u00fck\u015fehir Belediyesi&#8217;nin eski ba\u015fkan\u0131 AKP&#8217;li Melih G\u00f6k\u00e7ek hakk\u0131nda a\u00e7\u0131lan soru\u015fturmaya ili\u015fkin &#8220;Savc\u0131 \u2018Buyurun, tan\u0131k s\u0131fat\u0131yla size \u015funlar\u0131 soraca\u011f\u0131z\u2019 derse ko\u015fa ko\u015fa giderim&#8221; dedi.\u00a0<a href=\"https:\/\/www.cumhuriyet.com.tr\/siyaset\/bulent-arinc-tan-melih-gokcek-aciklamasi-savci-cagirirsa-kosa-kosa-giderim-2534817\" target=\"_blank\" class=\"feedzy-rss-link-icon\">Read More<\/a><\/p>","protected":false},"excerpt":{"rendered":"<p>AKP&#8217;li B\u00fclent Ar\u0131n\u00e7, Ankara B\u00fcy\u00fck\u015fehir Belediyesi&#8217;nin eski ba\u015fkan\u0131 AKP&#8217;li Melih G\u00f6k\u00e7ek hakk\u0131nda a\u00e7\u0131lan soru\u015fturmaya ili\u015fkin &#8220;Savc\u0131 \u2018Buyurun, tan\u0131k s\u0131fat\u0131yla size \u015funlar\u0131 soraca\u011f\u0131z\u2019 derse ko\u015fa ko\u015fa giderim&#8221; dedi.AKP&#8217;li B\u00fclent Ar\u0131n\u00e7, Ankara B\u00fcy\u00fck\u015fehir Belediyesi&#8217;nin eski ba\u015fkan\u0131 AKP&#8217;li Melih G\u00f6k\u00e7ek hakk\u0131nda a\u00e7\u0131lan soru\u015fturmaya ili\u015fkin &#8220;Savc\u0131 \u2018Buyurun, tan\u0131k s\u0131fat\u0131yla size \u015funlar\u0131 soraca\u011f\u0131z\u2019 derse ko\u015fa ko\u015fa giderim&#8221; dedi.\u00a0Read More<\/p>\n","protected":false},"author":1,"featured_media":42463,"comment_status":"open","ping_status":"open","sticky":false,"template":"","format":"standard","meta":{"footnotes":"","_links_to":"","_links_to_target":""},"categories":[1],"tags":[],"class_list":["post-42462","post","type-post","status-publish","format-standard","has-post-thumbnail","hentry","category-haberler"],"_links":{"self":[{"href":"https:\/\/www.abchukuk.com\/index.php\/wp-json\/wp\/v2\/posts\/42462","targetHints":{"allow":["GET"]}}],"collection":[{"href":"https:\/\/www.abchukuk.com\/index.php\/wp-json\/wp\/v2\/posts"}],"about":[{"href":"https:\/\/www.abchukuk.com\/index.php\/wp-json\/wp\/v2\/types\/post"}],"author":[{"embeddable":true,"href":"https:\/\/www.abchukuk.com\/index.php\/wp-json\/wp\/v2\/users\/1"}],"replies":[{"embeddable":true,"href":"https:\/\/www.abchukuk.com\/index.php\/wp-json\/wp\/v2\/comments?post=42462"}],"version-history":[{"count":0,"href":"https:\/\/www.abchukuk.com\/index.php\/wp-json\/wp\/v2\/posts\/42462\/revisions"}],"wp:featuredmedia":[{"embeddable":true,"href":"https:\/\/www.abchukuk.com\/index.php\/wp-json\/wp\/v2\/media\/42463"}],"wp:attachment":[{"href":"https:\/\/www.abchukuk.com\/index.php\/wp-json\/wp\/v2\/media?parent=42462"}],"wp:term":[{"taxonomy":"category","embeddable":true,"href":"https:\/\/www.abchukuk.com\/index.php\/wp-json\/wp\/v2\/categories?post=42462"},{"taxonomy":"post_tag","embeddable":true,"href":"https:\/\/www.abchukuk.com\/index.php\/wp-json\/wp\/v2\/tags?post=42462"}],"curies":[{"name":"wp","href":"https:\/\/api.w.org\/{rel}","templated":true}]}}